{"id":38648,"date":"2025-01-23T10:56:44","date_gmt":"2025-01-23T14:56:44","guid":{"rendered":"https:\/\/folhaderondonianews.com\/news\/?p=38648"},"modified":"2025-01-23T11:09:30","modified_gmt":"2025-01-23T15:09:30","slug":"construcao-da-ponte-guajara-merim-guayaramerin-ainda-neste-semestre","status":"publish","type":"post","link":"https:\/\/folhaderondonianews.com\/news\/2025\/01\/23\/construcao-da-ponte-guajara-merim-guayaramerin-ainda-neste-semestre\/","title":{"rendered":"Constru\u00e7\u00e3o da ponte Guajar\u00e1-merim\/Guayaramer\u00edn ainda neste semestre"},"content":{"rendered":"<h4>Pelo menos foi isso que o ministro dos transportes anunciou na manh\u00e3 de hoje em rede de r\u00e1dio para todo o Pa\u00eds.<\/h4>\n<p>O ministro dos Transportes, Renan filho, disse na manh\u00e3 de hoje (23\/01) durante entrevista ao programa de r\u00e1dio Bom Dia Ministro, que \u00e9 veiculado pela Empresa Brasileira de Comunica\u00e7\u00e3o, em cadeia com diversas emissoras de r\u00e1dio do Brasil, que ainda no primeiro semestre desse ano, estar\u00e1 assinando a ordem de servi\u00e7o para o in\u00edcio da obra da Ponte Binacional entre Brasil e Bol\u00edvia. A ponte ser\u00e1 constru\u00edda sobre o rio Guapor\u00e9 ligando as cidades de Guajar\u00e1-Mirim em Rond\u00f4nia e <em><strong>Guayaramer\u00edn<\/strong><\/em> na Bol\u00edvia.\u00a0 Essa ponte \u00e9 muito esperada tanto Rond\u00f4nia como para o \u00a0pa\u00eds vizinho. A travessia \u00e9 feita de balsa e dificulta a o transporte de carga.<\/p>\n<blockquote><p><strong>Em outubro do ano passado senador Conf\u00facio Moura (MDB-RO) obteve a garantia do diretor-geral do Departamento Nacional de Infraestrutura de Transportes (DNIT), Fabr\u00edcio Galv\u00e3o, de que as obras para a constru\u00e7\u00e3o da Ponte Internacional em Guajar\u00e1-Mirim estavam previstas para iniciar em 2025.<\/strong><\/p><\/blockquote>\n<h4><strong>Priva<\/strong>tiza\u00e7\u00e3o da BR-364<\/h4>\n<p>A privatiza\u00e7\u00e3o da BR-364, no trecho de Rond\u00f4nia tamb\u00e9m foi mencionada pelo ministro Renan Filho. O leil\u00e3o deve acontecer nos pr\u00f3ximo 60 dias beneficiando n\u00e3o s\u00f3 a BR-364, mas, tamb\u00e9m, as BRs-070 e 174 que ficam no Mato Grosso. Ambas t\u00eam import\u00e2ncia para Rond\u00f4nia. a 174 liga com a 364 na regi\u00e3o de C\u00e1ceres at\u00e9 Pontes e Lacerda e a BR-070, ali no Cone Sul. \u201cEnt\u00e3o, s\u00e3o duas rodovias que est\u00e3o no Mato Grosso, mas, que tamb\u00e9m s\u00e3o importantes para a economia rondoniense\u201d. <strong>Com informa\u00e7\u00f5es do jornalista Solano Ferreira, direto de Bras\u00edlia.<\/strong><\/p>\n","protected":false},"excerpt":{"rendered":"<div class=\"mh-excerpt\"><p>Pelo menos foi isso que o ministro dos transportes anunciou na manh\u00e3 de hoje em rede de r\u00e1dio para todo o Pa\u00eds.<\/p>\n<\/div>","protected":false},"author":1,"featured_media":38649,"comment_status":"open","ping_status":"closed","sticky":false,"template":"","format":"standard","meta":{"footnotes":""},"categories":[9],"tags":[581,1104,1041,14,584,580,7521,42],"class_list":["post-38648","post","type-post","status-publish","format-standard","has-post-thumbnail","hentry","category-politica","tag-binacional","tag-bolivia","tag-confucio-moura","tag-guajara-mirim","tag-guayaramerin","tag-ponte","tag-renan-filho","tag-rondonia"],"_links":{"self":[{"href":"https:\/\/folhaderondonianews.com\/news\/wp-json\/wp\/v2\/posts\/38648","targetHints":{"allow":["GET"]}}],"collection":[{"href":"https:\/\/folhaderondonianews.com\/news\/wp-json\/wp\/v2\/posts"}],"about":[{"href":"https:\/\/folhaderondonianews.com\/news\/wp-json\/wp\/v2\/types\/post"}],"author":[{"embeddable":true,"href":"https:\/\/folhaderondonianews.com\/news\/wp-json\/wp\/v2\/users\/1"}],"replies":[{"embeddable":true,"href":"https:\/\/folhaderondonianews.com\/news\/wp-json\/wp\/v2\/comments?post=38648"}],"version-history":[{"count":5,"href":"https:\/\/folhaderondonianews.com\/news\/wp-json\/wp\/v2\/posts\/38648\/revisions"}],"predecessor-version":[{"id":38654,"href":"https:\/\/folhaderondonianews.com\/news\/wp-json\/wp\/v2\/posts\/38648\/revisions\/38654"}],"wp:featuredmedia":[{"embeddable":true,"href":"https:\/\/folhaderondonianews.com\/news\/wp-json\/wp\/v2\/media\/38649"}],"wp:attachment":[{"href":"https:\/\/folhaderondonianews.com\/news\/wp-json\/wp\/v2\/media?parent=38648"}],"wp:term":[{"taxonomy":"category","embeddable":true,"href":"https:\/\/folhaderondonianews.com\/news\/wp-json\/wp\/v2\/categories?post=38648"},{"taxonomy":"post_tag","embeddable":true,"href":"https:\/\/folhaderondonianews.com\/news\/wp-json\/wp\/v2\/tags?post=38648"}],"curies":[{"name":"wp","href":"https:\/\/api.w.org\/{rel}","templated":true}]}}