{"id":38661,"date":"2025-01-26T13:23:20","date_gmt":"2025-01-26T17:23:20","guid":{"rendered":"https:\/\/folhaderondonianews.com\/news\/?p=38661"},"modified":"2025-01-26T16:10:40","modified_gmt":"2025-01-26T20:10:40","slug":"ji-parana-da-adeus-a-dona-portuguesa-que-morre-aos-83-anos","status":"publish","type":"post","link":"https:\/\/folhaderondonianews.com\/news\/2025\/01\/26\/ji-parana-da-adeus-a-dona-portuguesa-que-morre-aos-83-anos\/","title":{"rendered":"Ji-Paran\u00e1 d\u00e1 adeus \u00e0 \u2018dona Portuguesa, que morre aos 83 anos"},"content":{"rendered":"<h4>A hist\u00f3ria dessa mulher, uma pioneira de Ji-Paran\u00e1, \u00e9 feita de um romance por cartas com um ex-fuzileiro portugu\u00eas e se casam por procura\u00e7\u00e3o: ele no Brasil e ela em Portugal.<\/h4>\n<p><strong>Roberto Gutierrez<\/strong> &#8211; Foi sepultada \u00e0s 10 horas da manh\u00e3 de hoje 26\/01 Edviges Paula Fernandes, a &#8216;dona Portuguesa da Jitur&#8217;, uma personagem ic\u00f4nica da hist\u00f3ria de Ji-Paran\u00e1. Ela era natural de\u00a0 Cernache do Bonjardim, uma vila portuguesa que pertenceu ao munic\u00edpio da Sert\u00e3, no velho continente. Ela estava com 83 anos, rec\u00e9m acabava de passar pela s\u00e9tima sess\u00e3o ao tratamento de um tumor no est\u00f4mago. A doen\u00e7a progrediu e, na tarde de ontem, \u2018dona Portuguesa, da Jitur, veio a \u00f3bito. A matriarca deixa quatro filhos, Ricardo, Vanessa, Paulo e Paula da Jitur, nove netos e tr\u00eas bisnetos.<\/p>\n<h4>Romance por cartas<\/h4>\n<p>Saindo da adolesc\u00eancia e sonhando com um pr\u00edncipe encantado como era o comportamento das jovens nascidas nos anos 40, Edvigens passou a se corresponder com um jovem portugu\u00eas que havia lutado conflito com a Uni\u00e3o Indiana por conta dos territ\u00f3rios que Portugal possu\u00eda na \u00cdndia. O conflito terminou com a invas\u00e3o de Goa, Dam\u00e3o e Diu, em 1961, e a anexa\u00e7\u00e3o de Dadr\u00e1 e Nagar Aveli, em 1954,. Esses detalhes hist\u00f3ricos perdem import\u00e2ncia, pois, o que nos interessa agora \u00e9 saber sobre as declara\u00e7\u00f5es de amor eterno que eram trocadas entre Edvigens e Jos\u00e9 Mathias. Ali\u00e1s, nenhum dos quatro os filhos sabe sobre os detalhes, mas, vamos imaginar num tempo que n\u00e3o havia internet em que uma carta de Portugal ao Brasil poderia demorar at\u00e9 30 dias para chegar ao destino e outros 30 dias para chegar a resposta. Imagine voc\u00ea dizer que ama algu\u00e9m e que pretende casar com ela e ter que passar por um deley de pelo menos 60 dias para receber um sim!? N\u00e3o bastasse isso, os pais, do outro lado do atl\u00e2ntico dizendo: \u201cfilha minha n\u00e3o sai de casa sem casar!\u201d<\/p>\n<p>Diante desses obst\u00e1culos, quando se est\u00e1 apaixonado, sempre h\u00e1 um jeito: Edvigens e Jos\u00e9 Mathias se casaram por meio de procura\u00e7\u00e3o, algo comum na \u00e9poca, mas, inimagin\u00e1vel nos dias de hoje.<\/p>\n<h4>Paran\u00e1<\/h4>\n<p>De esp\u00edrito empreendedor como um bom portugu\u00eas que veio para o Brasil em meados do s\u00e9culo passado, Jos\u00e9 Mathias Fernandes \u00a0encontrou em Assis Chateaubriand, no interior do Paran\u00e1, motivos de sobra para come\u00e7ar um neg\u00f3cio. O forte da \u00e9poca era as lavouras de caf\u00e9. Jos\u00e9 acabou montado uma mercearia e depois uma cerealista. Isso tudo aconteceu nas d\u00e9cadas de 60 e 70. Note que Assis Chateaubriand havia se tornado munic\u00edpio em 1966.<\/p>\n<h4>Not\u00edcia boa<\/h4>\n<p>De repente, a not\u00edcia de quem em um lugar chamado Rond\u00f4nia, no Norte do Brasil, o governo Federal estava dando terra e estava em pleno desenvolvimento, animou o casal Jos\u00e9 e Edvigens fazer as malas, juntar as crian\u00e7as e rumar para a \u2018terra prometida\u2019.<\/p>\n<p>Para \u00a0quem j\u00e1 esteve em conflito de guerra, namorou por correspond\u00eancia e se casou por procura\u00e7\u00e3o, Rond\u00f4nia deveria se parecer como uma col\u00f4nia de f\u00e9rias, mas, n\u00e3o foi bem assim.<\/p>\n<h4><strong>Rumo a Rond\u00f4nia<\/strong><\/h4>\n<p>Para chegar a Ji-Paran\u00e1 em 1978, dona Portuguesa e \u2018seo\u2019 Jos\u00e9 Mathias Fernandes passaram por alguns apertos junto com os quatro filhos menores. Um dos apertos, al\u00e9m dos atoleiros, foi de que o motorista que \u2018seo\u2019 Jos\u00e9 havia contratado para dirigir o Mercedes 11-13 azul, o abandonou no meio da viagem. O ex-fuzileiro do ex\u00e9rcito portugu\u00eas n\u00e3o sabia dirigir. Quem socorreu a fam\u00edlia em meio \u00e0 viagem foi Paulo Farias, irm\u00e3o do Gerv\u00e1sio do Hotel Plaza. Ambos eram moradores de Ji-Paran\u00e1.<\/p>\n<h4>Ji-Paran\u00e1<\/h4>\n<p>Enquanto dona portuguesa ficava com os filhos em Ji-Paran\u00e1, que rec\u00e9m havia deixado de ser Vila de Rond\u00f4nia, o marido viajava para trazer verduras, combust\u00edvel, e at\u00e9 ba\u00fa com bicicletas para Luiz Bernardi. Dona Portuguesa achou que Jos\u00e9 Mathias estava viajando demais, \u2018deu uma dura nele\u2019 que vendeu o caminh\u00e3o, cujo dinheiro\u00a0 \u00a0acabou virando o supermercado Al\u00e9m-mar na T-07, no segundo Distrito de Ji-Paran\u00e1. Isso aconteceu h\u00e1 46 anos. Essa \u00e9 a dist\u00e2ncia de tempo que uma dura perda atingiu a fam\u00edlia da dona Portuguesa. Jos\u00e9 Mathias Fernandes n\u00e3o resistiu a uma gangrena e morre aos 42 anos de idade.<\/p>\n<p>Dona Portuguesa ainda tocou com os filhos pequenos o supermercado Al\u00e9m-mar. Ela acabou vendendo e passou a trabalhar nas Casas Bernadi durante um bom tempo.<\/p>\n<p>Na d\u00e9cada de 90, Paula Barbedo, uma das filhas, abriu a ag\u00eancia de viagem Jitur Turismo e dona Portuguesa, sem imaginar, acabou sendo conhecida tamb\u00e9m como dona Portuguesa da \u00a0Jitur. Ela trabalhou na ag\u00eancia por muito tempo at\u00e9 se aposentar.<\/p>\n","protected":false},"excerpt":{"rendered":"<div class=\"mh-excerpt\"><p>A hist\u00f3ria dessa mulher, uma pioneira de Ji-Paran\u00e1, \u00e9 feita de um romance por cartas com um ex-fuzileiro portugu\u00eas e se casam por procura\u00e7\u00e3o: ele no Brasil e ela em Portugal.<\/p>\n<\/div>","protected":false},"author":1,"featured_media":38662,"comment_status":"open","ping_status":"closed","sticky":false,"template":"","format":"standard","meta":{"footnotes":""},"categories":[5],"tags":[8115,8112,8111,8114,8113],"class_list":["post-38661","post","type-post","status-publish","format-standard","has-post-thumbnail","hentry","category-brasil","tag-assis-chateaubriand","tag-cernache-do-bonjardim","tag-edviges-paula-fernandes","tag-ji-oaranpa","tag-jose-mathias-fernandes"],"_links":{"self":[{"href":"https:\/\/folhaderondonianews.com\/news\/wp-json\/wp\/v2\/posts\/38661","targetHints":{"allow":["GET"]}}],"collection":[{"href":"https:\/\/folhaderondonianews.com\/news\/wp-json\/wp\/v2\/posts"}],"about":[{"href":"https:\/\/folhaderondonianews.com\/news\/wp-json\/wp\/v2\/types\/post"}],"author":[{"embeddable":true,"href":"https:\/\/folhaderondonianews.com\/news\/wp-json\/wp\/v2\/users\/1"}],"replies":[{"embeddable":true,"href":"https:\/\/folhaderondonianews.com\/news\/wp-json\/wp\/v2\/comments?post=38661"}],"version-history":[{"count":2,"href":"https:\/\/folhaderondonianews.com\/news\/wp-json\/wp\/v2\/posts\/38661\/revisions"}],"predecessor-version":[{"id":38666,"href":"https:\/\/folhaderondonianews.com\/news\/wp-json\/wp\/v2\/posts\/38661\/revisions\/38666"}],"wp:featuredmedia":[{"embeddable":true,"href":"https:\/\/folhaderondonianews.com\/news\/wp-json\/wp\/v2\/media\/38662"}],"wp:attachment":[{"href":"https:\/\/folhaderondonianews.com\/news\/wp-json\/wp\/v2\/media?parent=38661"}],"wp:term":[{"taxonomy":"category","embeddable":true,"href":"https:\/\/folhaderondonianews.com\/news\/wp-json\/wp\/v2\/categories?post=38661"},{"taxonomy":"post_tag","embeddable":true,"href":"https:\/\/folhaderondonianews.com\/news\/wp-json\/wp\/v2\/tags?post=38661"}],"curies":[{"name":"wp","href":"https:\/\/api.w.org\/{rel}","templated":true}]}}