{"id":38948,"date":"2025-03-06T09:48:17","date_gmt":"2025-03-06T13:48:17","guid":{"rendered":"https:\/\/folhaderondonianews.com\/news\/?p=38948"},"modified":"2025-03-06T09:48:17","modified_gmt":"2025-03-06T13:48:17","slug":"prouni-convocados-da-2a-chamada-devem-confirmar-dados-ate-dia-17","status":"publish","type":"post","link":"https:\/\/folhaderondonianews.com\/news\/2025\/03\/06\/prouni-convocados-da-2a-chamada-devem-confirmar-dados-ate-dia-17\/","title":{"rendered":"Prouni: convocados da 2\u00aa chamada devem confirmar dados at\u00e9 dia 17"},"content":{"rendered":"<h4>Candidato perde a bolsa se n\u00e3o apresentar documentos no prazo.<\/h4>\n<p>&nbsp;<\/p>\n<p><strong>Daniella Almeida\/Ag\u00eancia Brasil &#8211;<\/strong> Os mais de 86 mil pr\u00e9-selecionados na segunda chamada do\u202fPrograma Universidade para Todos (Prouni), referente ao primeiro semestre de 2025, dever\u00e3o apresentar os\u00a0<strong>documentos que comprovem as informa\u00e7\u00f5es prestadas no momento da inscri\u00e7\u00e3o at\u00e9 17 de mar\u00e7o<\/strong>. Os documentos devem\u00a0<strong>entregues\u00a0\u00e0\u00a0institui\u00e7\u00e3o de educa\u00e7\u00e3o superior<\/strong>.<img decoding=\"async\" data-src=\"https:\/\/agenciabrasil.ebc.com.br\/ebc.png?id=1633411&amp;o=node\" src=\"data:image\/svg+xml;base64,PHN2ZyB3aWR0aD0iMSIgaGVpZ2h0PSIxIiB4bWxucz0iaHR0cDovL3d3dy53My5vcmcvMjAwMC9zdmciPjwvc3ZnPg==\" class=\"lazyload\" \/><img decoding=\"async\" data-src=\"https:\/\/agenciabrasil.ebc.com.br\/ebc.gif?id=1633411&amp;o=node\" src=\"data:image\/svg+xml;base64,PHN2ZyB3aWR0aD0iMSIgaGVpZ2h0PSIxIiB4bWxucz0iaHR0cDovL3d3dy53My5vcmcvMjAwMC9zdmciPjwvc3ZnPg==\" class=\"lazyload\" \/><\/p>\n<p>O candidato<a href=\"https:\/\/acessounico.mec.gov.br\/prouni\" target=\"_blank\" rel=\"noopener\">\u00a0pode consultar online o resultado da segunda chamada<\/a>, publicada pelo Minist\u00e9rio da Educa\u00e7\u00e3o (MEC), na \u00faltima sexta-feira (28), no\u202fPortal \u00danico de Acesso ao Ensino Superior do ProUni. O acesso \u00e9 por meio\u00a0da conta do Gov.br.<\/p>\n<p>O programa oferece<strong>\u00a0bolsas integrais (100%) e parciais (50%) sobre o valor da mensalidade de cursos em institui\u00e7\u00f5es privadas de educa\u00e7\u00e3o superior<\/strong>.<\/p>\n<p>Em\u00a02025, a pol\u00edtica p\u00fablica completa 20 anos de exist\u00eancia, com\u00a0<strong>mais de 3,4 milh\u00f5es de estudantes beneficiados entre 2005 e 2024<\/strong>.<\/p>\n<h2>Documenta\u00e7\u00e3o<\/h2>\n<p>A institui\u00e7\u00e3o de ensino superior deve definir como \u00e9 feita a entrega dos documentos:\u00a0de<strong>\u00a0forma presencial, diretamente na unidade, ou virtual\/eletr\u00f4nico<\/strong>. N\u00e3o pode ser cobrada nenhuma taxa.<\/p>\n<p>O candidato tem a responsabilidade de verificar, nas faculdades, os hor\u00e1rios e o local de comparecimento para a verifica\u00e7\u00e3o das informa\u00e7\u00f5es.<\/p>\n<p><strong>A perda do prazo ou a n\u00e3o comprova\u00e7\u00e3o dos dados\u00a0implicar\u00e1, automaticamente, na reprova\u00e7\u00e3o do candidato<\/strong>.<\/p>\n<p>Algumas institui\u00e7\u00f5es podem submeter os pr\u00e9-selecionados a um processo seletivo pr\u00f3prio. Neste caso, o MEC determina que os\u00a0<strong>crit\u00e9rios de aprova\u00e7\u00e3o n\u00e3o podem ser mais rigorosos do que os aplicados<\/strong>\u00a0aos pr\u00e9-selecionados nos processos seletivos regulares.<\/p>\n<h2>Edi\u00e7\u00e3o de 2025<\/h2>\n<p>Nesta edi\u00e7\u00e3o do programa, foram ofertadas\u00a0338.444 bolsas em 403 cursos de 1.031 institui\u00e7\u00f5es privadas por todo o pa\u00eds. Dessas bolsas, 203.539 s\u00e3o integrais e 134.905 parciais.<\/p>\n<p>O programa recebeu quase 1,5 milh\u00e3o de inscri\u00e7\u00f5es para o Prouni\u202f2025\/1. Na primeira chamada do processo seletivo, divulgada no in\u00edcio de fevereiro,\u00a0<a href=\"https:\/\/agenciabrasil.ebc.com.br\/educacao\/noticia\/2025-02\/resultado-da-primeira-chamada-do-prouni-ja-esta-disponivel\" target=\"_top\">197.080\u202festudantes haviam sido pr\u00e9-selecionados<\/a>.<\/p>\n<h2>Cronograma\u00a0Prouni\u202f2025\/1<\/h2>\n<p>O candidato n\u00e3o contemplado nas duas chamadas do Prouni 2025 poder\u00e1<strong>\u00a0participar da lista de espera do Prouni<\/strong>.<\/p>\n<p>A manifesta\u00e7\u00e3o de\u00a0interesse em\u00a0<strong>ingressar na fila deve ser feita nos dias 26 e 27 de mar\u00e7o<\/strong>\u00a0pelo\u00a0<a href=\"https:\/\/acessounico.mec.gov.br\/prouni\" target=\"_blank\" rel=\"noopener\">Portal \u00danico de Acesso ao Ensino Superior<\/a>.<\/p>\n<p><strong>Em 1\u00ba de abril, ser\u00e1 disponibilizado o resultado\u00a0<\/strong>da lista de espera no mesmo site.<\/p>\n","protected":false},"excerpt":{"rendered":"<div class=\"mh-excerpt\"><p>Candidato perde a bolsa se n\u00e3o apresentar documentos no prazo.<\/p>\n<\/div>","protected":false},"author":1,"featured_media":38949,"comment_status":"open","ping_status":"closed","sticky":false,"template":"","format":"standard","meta":{"footnotes":""},"categories":[9],"tags":[],"class_list":["post-38948","post","type-post","status-publish","format-standard","has-post-thumbnail","hentry","category-politica"],"_links":{"self":[{"href":"https:\/\/folhaderondonianews.com\/news\/wp-json\/wp\/v2\/posts\/38948","targetHints":{"allow":["GET"]}}],"collection":[{"href":"https:\/\/folhaderondonianews.com\/news\/wp-json\/wp\/v2\/posts"}],"about":[{"href":"https:\/\/folhaderondonianews.com\/news\/wp-json\/wp\/v2\/types\/post"}],"author":[{"embeddable":true,"href":"https:\/\/folhaderondonianews.com\/news\/wp-json\/wp\/v2\/users\/1"}],"replies":[{"embeddable":true,"href":"https:\/\/folhaderondonianews.com\/news\/wp-json\/wp\/v2\/comments?post=38948"}],"version-history":[{"count":1,"href":"https:\/\/folhaderondonianews.com\/news\/wp-json\/wp\/v2\/posts\/38948\/revisions"}],"predecessor-version":[{"id":38950,"href":"https:\/\/folhaderondonianews.com\/news\/wp-json\/wp\/v2\/posts\/38948\/revisions\/38950"}],"wp:featuredmedia":[{"embeddable":true,"href":"https:\/\/folhaderondonianews.com\/news\/wp-json\/wp\/v2\/media\/38949"}],"wp:attachment":[{"href":"https:\/\/folhaderondonianews.com\/news\/wp-json\/wp\/v2\/media?parent=38948"}],"wp:term":[{"taxonomy":"category","embeddable":true,"href":"https:\/\/folhaderondonianews.com\/news\/wp-json\/wp\/v2\/categories?post=38948"},{"taxonomy":"post_tag","embeddable":true,"href":"https:\/\/folhaderondonianews.com\/news\/wp-json\/wp\/v2\/tags?post=38948"}],"curies":[{"name":"wp","href":"https:\/\/api.w.org\/{rel}","templated":true}]}}