{"id":39032,"date":"2025-04-01T08:25:05","date_gmt":"2025-04-01T12:25:05","guid":{"rendered":"https:\/\/folhaderondonianews.com\/news\/?p=39032"},"modified":"2025-04-01T08:25:05","modified_gmt":"2025-04-01T12:25:05","slug":"icms-sobre-importados-on-line-sobe-em-dez-estados-a-partir-de-hoje","status":"publish","type":"post","link":"https:\/\/folhaderondonianews.com\/news\/2025\/04\/01\/icms-sobre-importados-on-line-sobe-em-dez-estados-a-partir-de-hoje\/","title":{"rendered":"ICMS sobre importados on-line sobe em dez estados a partir de hoje"},"content":{"rendered":"<h4 class=\"content-head__subtitle\">O <strong>ICMS aumenta<\/strong> para compras internacionais em dez estados que passam a ser taxados com 20% a mais.<\/h4>\n<p>As compras de produtos importados em sites de e-commerce, como\u00a0<a class=\"\" href=\"https:\/\/oglobo.globo.com\/tudo-sobre\/empresa\/shopee\/\" data-mrf-link=\"https:\/\/oglobo.globo.com\/tudo-sobre\/empresa\/shopee\/\"><strong>Shopee<\/strong><\/a><strong>,\u00a0<\/strong><a class=\"\" href=\"https:\/\/oglobo.globo.com\/tudo-sobre\/empresa\/shein\" data-mrf-link=\"https:\/\/oglobo.globo.com\/tudo-sobre\/empresa\/shein\"><strong>Shein<\/strong><\/a><strong>\u00a0e\u00a0<\/strong><a class=\"\" href=\"https:\/\/oglobo.globo.com\/tudo-sobre\/empresa\/aliexpress\/\" data-mrf-link=\"https:\/\/oglobo.globo.com\/tudo-sobre\/empresa\/aliexpress\/\"><strong>AliExpress<\/strong><\/a><strong>\u00a0<\/strong>v\u00e3o pagar\u00a0<strong>mais tributos a partir de amanh\u00e3<\/strong>, dia 1\u00ba de abril. O Imposto Sobre Circula\u00e7\u00e3o de Mercadorias e Presta\u00e7\u00e3o de Servi\u00e7os (ICMS) cobrado sobre compras internacionais vai subir para 20% em dez estados.<\/p>\n<p>Al\u00e9m disso, j\u00e1 h\u00e1 a chamada &#8220;taxa da blusinha&#8221;, imposto federal que incide sobre compras internacionais com valor at\u00e9 US$ 50.<\/p>\n<div class=\"mc-column content-text active-extra-styles\" data-block-type=\"raw\" data-block-weight=\"8\" data-block-id=\"5\">\n<div class=\"content-intertitle\">\n<h2>Por que o ICMS sobre importados subiu?<\/h2>\n<\/div>\n<p>Os estados e o Distrito Federal fecharam, no ano passado, um acordo que permitiu subir a al\u00edquota sobre remessas importadas de at\u00e9 US$ 3 mil de 17% para 20%. O objetivo, de acordo com o Comit\u00ea Nacional de Secretarias de Estado da Fazenda (Comsefaz), \u00e9<strong>\u00a0<\/strong>&#8220;<strong>garantir a isonomia competitiva entre produtos importados e nacionais<\/strong>, promovendo o consumo de bens produzidos no Brasil&#8221;, de acordo com nota divulgada em dezembro.<\/p>\n<\/div>\n<div class=\"mc-column content-text active-extra-styles \" data-block-type=\"unstyled\" data-block-weight=\"35\" data-block-id=\"7\">\n<p class=\" content-text__container \" data-track-category=\"Link no Texto\" data-track-links=\"\" data-mrf-recirculation=\"Article links\">Com isso, dizem os estados em nota, a ideia \u00e9 &#8220;<strong>estimular o fortalecimento do setor produtivo interno<\/strong>\u00a0e ampliar a gera\u00e7\u00e3o de empregos, em um contexto de concorr\u00eancia crescente com plataformas de com\u00e9rcio eletr\u00f4nico transfronteiri\u00e7o&#8221;.<\/p>\n<p data-track-category=\"Link no Texto\" data-track-links=\"\" data-mrf-recirculation=\"Article links\">Isso, por\u00e9m, n\u00e3o foi autom\u00e1tico. Em estados em que o teto do ICMS geral \u00e9 de menos de 20%, isso dependia de aprova\u00e7\u00e3o de um decreto do governador ou de lei local. Dessa forma, dez estados ter\u00e3o al\u00edquotas maiores.<\/p>\n<\/div>\n","protected":false},"excerpt":{"rendered":"<div class=\"mh-excerpt\"><p>O ICMS aumenta para compras internacionais em dez estados que passam a ser taxados com 20% a mais.<\/p>\n<\/div>","protected":false},"author":1,"featured_media":39033,"comment_status":"open","ping_status":"closed","sticky":false,"template":"","format":"standard","meta":{"footnotes":""},"categories":[9],"tags":[1071,5044,8204,4997,5272,3359,2819,5289,2497,8205,366,4843,8203,8202],"class_list":["post-39032","post","type-post","status-publish","format-standard","has-post-thumbnail","hentry","category-politica","tag-acre","tag-alagoas","tag-aliexpress","tag-bahia","tag-ceara","tag-icms","tag-minas-gerais","tag-paraiba","tag-piaui","tag-rio-grande-do-norte","tag-roraima","tag-sergipe","tag-shein","tag-shopee"],"_links":{"self":[{"href":"https:\/\/folhaderondonianews.com\/news\/wp-json\/wp\/v2\/posts\/39032","targetHints":{"allow":["GET"]}}],"collection":[{"href":"https:\/\/folhaderondonianews.com\/news\/wp-json\/wp\/v2\/posts"}],"about":[{"href":"https:\/\/folhaderondonianews.com\/news\/wp-json\/wp\/v2\/types\/post"}],"author":[{"embeddable":true,"href":"https:\/\/folhaderondonianews.com\/news\/wp-json\/wp\/v2\/users\/1"}],"replies":[{"embeddable":true,"href":"https:\/\/folhaderondonianews.com\/news\/wp-json\/wp\/v2\/comments?post=39032"}],"version-history":[{"count":1,"href":"https:\/\/folhaderondonianews.com\/news\/wp-json\/wp\/v2\/posts\/39032\/revisions"}],"predecessor-version":[{"id":39034,"href":"https:\/\/folhaderondonianews.com\/news\/wp-json\/wp\/v2\/posts\/39032\/revisions\/39034"}],"wp:featuredmedia":[{"embeddable":true,"href":"https:\/\/folhaderondonianews.com\/news\/wp-json\/wp\/v2\/media\/39033"}],"wp:attachment":[{"href":"https:\/\/folhaderondonianews.com\/news\/wp-json\/wp\/v2\/media?parent=39032"}],"wp:term":[{"taxonomy":"category","embeddable":true,"href":"https:\/\/folhaderondonianews.com\/news\/wp-json\/wp\/v2\/categories?post=39032"},{"taxonomy":"post_tag","embeddable":true,"href":"https:\/\/folhaderondonianews.com\/news\/wp-json\/wp\/v2\/tags?post=39032"}],"curies":[{"name":"wp","href":"https:\/\/api.w.org\/{rel}","templated":true}]}}