{"id":39035,"date":"2025-04-01T08:40:36","date_gmt":"2025-04-01T12:40:36","guid":{"rendered":"https:\/\/folhaderondonianews.com\/news\/?p=39035"},"modified":"2025-04-01T08:40:36","modified_gmt":"2025-04-01T12:40:36","slug":"claudia-de-jesus-discute-logistica-da-soja-com-governo-e-aprosoja","status":"publish","type":"post","link":"https:\/\/folhaderondonianews.com\/news\/2025\/04\/01\/claudia-de-jesus-discute-logistica-da-soja-com-governo-e-aprosoja\/","title":{"rendered":"Cl\u00e1udia de Jesus discute log\u00edstica da soja com Governo e Aprosoja"},"content":{"rendered":"<h4>Segundo Cl\u00e1udia de Jesus, cargas paradas representam impacto muito grande na economia, no emprego e renda de muita gente.<\/h4>\n<div><strong>Francisco Costa &#8211;<\/strong> O congestionamento e segrega\u00e7\u00e3o de cargas agr\u00edcolas em Rond\u00f4nia gerou preocupa\u00e7\u00e3o da deputada estadual <a href=\"https:\/\/www.deputadaclaudiadejesus.com.br\/\" target=\"_blank\" rel=\"noopener\">Cl\u00e1udia de Jesus (PT)<\/a>, que \u00e9 presidente da\u00a0<a href=\"https:\/\/www.deputadaclaudiadejesus.com.br\/search?q=Comiss%C3%A3o%20de%20Agropecu%C3%A1ria%20e%20Pol%C3%ADtica%20Rural%20da%20Assembleia%20Legislativa.\" target=\"_blank\" rel=\"noopener\">Comiss\u00e3o de Agropecu\u00e1ria e Pol\u00edtica Rural da Assembleia Legislativa.<\/a>\u00a0Jornais de todo o pa\u00eds e internacionais compartilharam fotos e v\u00eddeos onde mostram mais de 1.2 mil caminh\u00f5es estacionados com carregamentos no posto de combust\u00edveis Miriam na cidade de Candeias do Jamari, distante 25 quil\u00f4metros de Porto Velho.<\/div>\n<div><\/div>\n<div>Para tentar mediar o problema, a parlamentar manteve reuni\u00f5es com Associa\u00e7\u00e3o Brasileira dos Produtores de Soja de Rond\u00f4nia (Aprosoja) a presid\u00eancia da Sociedade de Portos e Hidrovias (SOPH) vinculado ao governo e diretores da empresa Hermasa Navega\u00e7\u00e3o da Amaz\u00f4nia S.A (Grupo Amaggi). O gabinete parlamentar tamb\u00e9m esteve reunido com\u00a0Ag\u00eancia Nacional de Transportes Aquavi\u00e1rios (Antaq).<\/div>\n<div><\/div>\n<div>A deputada visitou o local onde ficam os caminhoneiros e esteve no Porto. &#8220;Essa \u00e9 uma situa\u00e7\u00e3o que muito nos preocupa. Essas cargas paradas representam impacto muito grande na economia, no emprego e renda de muita gente. Ent\u00e3o, estamos buscando alternativas e dialogando com todos os setores envolvidos para buscar uma solu\u00e7\u00e3o, inclusive com mais investimentos, j\u00e1 que temos uma expans\u00e3o da produ\u00e7\u00e3o agr\u00edcola e maior escoamento por nosso estado&#8221;, comentou a deputada.<\/div>\n<div>\n<div><b>Entenda o caso<\/b><\/div>\n<div><\/div>\n<div>A safra recorde de gr\u00e3os de 2024 e deste ano, somada ao atraso na colheita e \u00e0 crise h\u00eddrica, causaram congestionamento no escoamento da produ\u00e7\u00e3o agr\u00edcola que sai de Porto Velho para outros estados e pa\u00edses. Caminhoneiros relataram espera de at\u00e9 tr\u00eas dias para descarregar nos terminais portu\u00e1rios. Os preju\u00edzos s\u00e3o in\u00fameros: empresas pagam di\u00e1rias pelas cargas paradas que chegam at\u00e9 R$ 800 e motoristas ficam parados em locais sem estrutura adequada, quando poderia estar fazendo mais transportes.<\/div>\n<div><\/div>\n<div>A Sociedade de Portos do Governo de Rond\u00f4nia diz que tem capacidade para embarcar 10 mil toneladas por dia, mas a demanda ultrapassa esse limite. Em janeiro, o Porto movimentou cerca de 81 mil toneladas de soja, n\u00famero que mais do que dobrou em fevereiro. Com a previs\u00e3o de aumento na produ\u00e7\u00e3o em Rond\u00f4nia e Mato Grosso, o Porto busca investimentos para ampliar as opera\u00e7\u00f5es.<\/div>\n<\/div>\n","protected":false},"excerpt":{"rendered":"<div class=\"mh-excerpt\"><p>Segundo Cl\u00e1udia de Jesus, cargas paradas representam impacto muito grande na economia, no emprego e renda de muita gente.\u00a0<\/p>\n<\/div>","protected":false},"author":1,"featured_media":39036,"comment_status":"open","ping_status":"closed","sticky":false,"template":"","format":"standard","meta":{"footnotes":""},"categories":[9],"tags":[8206,8207,2979,1402,1042,196,211,2599,42,4675],"class_list":["post-39035","post","type-post","status-publish","format-standard","has-post-thumbnail","hentry","category-politica","tag-asprosoja","tag-caminhopes","tag-candeias","tag-claudia-de-jesus","tag-governo","tag-porto","tag-porto-velho","tag-rio-madeira","tag-rondonia","tag-soja"],"_links":{"self":[{"href":"https:\/\/folhaderondonianews.com\/news\/wp-json\/wp\/v2\/posts\/39035","targetHints":{"allow":["GET"]}}],"collection":[{"href":"https:\/\/folhaderondonianews.com\/news\/wp-json\/wp\/v2\/posts"}],"about":[{"href":"https:\/\/folhaderondonianews.com\/news\/wp-json\/wp\/v2\/types\/post"}],"author":[{"embeddable":true,"href":"https:\/\/folhaderondonianews.com\/news\/wp-json\/wp\/v2\/users\/1"}],"replies":[{"embeddable":true,"href":"https:\/\/folhaderondonianews.com\/news\/wp-json\/wp\/v2\/comments?post=39035"}],"version-history":[{"count":1,"href":"https:\/\/folhaderondonianews.com\/news\/wp-json\/wp\/v2\/posts\/39035\/revisions"}],"predecessor-version":[{"id":39037,"href":"https:\/\/folhaderondonianews.com\/news\/wp-json\/wp\/v2\/posts\/39035\/revisions\/39037"}],"wp:featuredmedia":[{"embeddable":true,"href":"https:\/\/folhaderondonianews.com\/news\/wp-json\/wp\/v2\/media\/39036"}],"wp:attachment":[{"href":"https:\/\/folhaderondonianews.com\/news\/wp-json\/wp\/v2\/media?parent=39035"}],"wp:term":[{"taxonomy":"category","embeddable":true,"href":"https:\/\/folhaderondonianews.com\/news\/wp-json\/wp\/v2\/categories?post=39035"},{"taxonomy":"post_tag","embeddable":true,"href":"https:\/\/folhaderondonianews.com\/news\/wp-json\/wp\/v2\/tags?post=39035"}],"curies":[{"name":"wp","href":"https:\/\/api.w.org\/{rel}","templated":true}]}}