{"id":396,"date":"2013-05-15T09:14:29","date_gmt":"2013-05-15T13:14:29","guid":{"rendered":"http:\/\/folhaderondonianews.com\/news\/?p=396"},"modified":"2013-05-15T09:14:29","modified_gmt":"2013-05-15T13:14:29","slug":"iniciada-campanha-contra-a-violencia-sexual","status":"publish","type":"post","link":"https:\/\/folhaderondonianews.com\/news\/2013\/05\/15\/iniciada-campanha-contra-a-violencia-sexual\/","title":{"rendered":"Iniciada Campanha contra a viol\u00eancia sexual"},"content":{"rendered":"<p><a href=\"https:\/\/folhaderondonianews.com\/news\/wp-content\/uploads\/2013\/05\/Faca-Bonito-I.jpg\"><img decoding=\"async\" class=\"alignleft size-full wp-image-397 lazyload\" title=\"Foto: Leandro Nunes\" alt=\"Faca-Bonito-I\" data-src=\"https:\/\/folhaderondonianews.com\/news\/wp-content\/uploads\/2013\/05\/Faca-Bonito-I.jpg\" width=\"300\" height=\"218\" src=\"data:image\/svg+xml;base64,PHN2ZyB3aWR0aD0iMSIgaGVpZ2h0PSIxIiB4bWxucz0iaHR0cDovL3d3dy53My5vcmcvMjAwMC9zdmciPjwvc3ZnPg==\" style=\"--smush-placeholder-width: 300px; --smush-placeholder-aspect-ratio: 300\/218;\" \/><\/a>A Campanha \u201cFa\u00e7a Bonito\u201d que visa mobilizar a sociedade no combate \u00e0 viol\u00eancia sexual contra jovens e crian\u00e7as teve inicio hoje (14) em Ji-Paran\u00e1 com v\u00e1rias vistas a empresas e \u00f3rg\u00e3o p\u00fablicos. A Campanha \u00e9 uma realiza\u00e7\u00e3o da Prefeitura de Ji-Paran\u00e1, por meio do Centro de Refer\u00eancia Especializada de A\u00e7\u00e3o Social (CREAS) e estar\u00e1 sendo realizada\u00a0 at\u00e9 o pr\u00f3ximo dia 18 de maio, data em que foi institu\u00eddo pelo Governo Federal como o Dia Nacional de Combate ao Abuso e Explora\u00e7\u00e3o Sexual contra Crian\u00e7as e Adolescentes.<\/p>\n<p>No primeiro dia o grupo do CREAS visitou empresas, a C\u00e2mara de Vereadores e v\u00e1rios departamentos da Prefeitura Municipal, esclarecendo como a popula\u00e7\u00e3o pode participar fazendo a\u00e7\u00f5es que ajudam a prevenir poss\u00edveis abusos e tamb\u00e9m como as den\u00fancias podem ser realizadas.<\/p>\n<p>Far\u00e3o parte da campanha a\u00e7\u00f5es como pit stop no cruzamento da Av. Marechal Rondon com a Rua dos Mineiros, \u00a0distribui\u00e7\u00e3o de 20 mil panfletos e de gibis explicativos e de camisetas tem\u00e1ticas, de chaveiros, de sacos pl\u00e1sticos para lixeiras, de muitos adesivos e at\u00e9 out doors. Tamb\u00e9m ser\u00e3o feitas visitas a \u00f3rg\u00e3os p\u00fablicos, palestras em escolas de primeiro e segundo grau, al\u00e9m de entrevistas esclarecedoras nos meios de comunica\u00e7\u00e3o ji-paranaenses.<\/p>\n<p>A campanha, que j\u00e1 \u00e9 realizada h\u00e1 quatro anos em Ji-Paran\u00e1, ancora-se n\u00e3o apenas na import\u00e2ncia do tema, mas em n\u00fameros que continuam preocupando o munic\u00edpio. Segundo o CREAS, foram registrados no ano passado 178 casos de agress\u00f5es deste tipo, o que inclui abuso ou explora\u00e7\u00e3o do corpo ou de outras formas de coer\u00e7\u00e3o, f\u00edsica ou psicol\u00f3gica, ligadas \u00e0 sexualidade. A maioria deles (76%) recai sobre jovens do sexo feminino e se d\u00e1 no \u00e2mbito familiar. Somente nos primeiros quatro meses de 2013 j\u00e1 h\u00e1 conhecimento oficial de 52 ocorr\u00eancias na cidade.<\/p>\n<p>No Estado de Rond\u00f4nia, de 2011 a 2012, este tipo de viol\u00eancia assinalou um acr\u00e9scimo de 45%. No Brasil foram contabilizadas mais de 130 mil den\u00fancias em 2012, o que faz do pa\u00eds um dos recordistas mundiais neste lament\u00e1vel ranking.<\/p>\n<p>De acordo com Gl\u00e9cia Ranny, coordenadora da campanha \u201c18 de Maio\u201d, Ji-Paran\u00e1\u00a0 pelo segundo ano consecutivo \u00e9 a segunda cidade do estado que mais faz den\u00fancias deste tipo de crime. Elas podem ser feitas prioritariamente por meio de liga\u00e7\u00f5es ao Disque 100 ou para: Conselho Tutelar (3422-7287), delegacias de pol\u00edcia (3422-4218 &#8211; DDM); Pol\u00edcia Militar (3416-4701\/190); Pol\u00edcia Federal (3411-2300); ou para a Pol\u00edcia Rodovi\u00e1ria Federal (3421-0437\/191).<\/p>\n<p>Mais informa\u00e7\u00f5es sobre a campanha podem ser obtidas na sede do CREAS, \u00e0 rua Miguel Galdino, 64, no Jardim dos Migrantes, ou pelo telefone 3411-4215.<\/p>\n","protected":false},"excerpt":{"rendered":"<div class=\"mh-excerpt\"><p>A Campanha \u201cFa\u00e7a Bonito\u201d que visa mobilizar a sociedade no combate \u00e0 viol\u00eancia sexual contra jovens e crian\u00e7as teve inicio hoje (14) em Ji-Paran\u00e1 com <a class=\"mh-excerpt-more\" href=\"https:\/\/folhaderondonianews.com\/news\/2013\/05\/15\/iniciada-campanha-contra-a-violencia-sexual\/\" title=\"Iniciada Campanha contra a viol\u00eancia sexual\">[&#8230;]<\/a><\/p>\n<\/div>","protected":false},"author":1,"featured_media":0,"comment_status":"open","ping_status":"closed","sticky":false,"template":"","format":"standard","meta":{"footnotes":""},"categories":[3],"tags":[],"class_list":["post-396","post","type-post","status-publish","format-standard","hentry","category-cotidiano"],"_links":{"self":[{"href":"https:\/\/folhaderondonianews.com\/news\/wp-json\/wp\/v2\/posts\/396","targetHints":{"allow":["GET"]}}],"collection":[{"href":"https:\/\/folhaderondonianews.com\/news\/wp-json\/wp\/v2\/posts"}],"about":[{"href":"https:\/\/folhaderondonianews.com\/news\/wp-json\/wp\/v2\/types\/post"}],"author":[{"embeddable":true,"href":"https:\/\/folhaderondonianews.com\/news\/wp-json\/wp\/v2\/users\/1"}],"replies":[{"embeddable":true,"href":"https:\/\/folhaderondonianews.com\/news\/wp-json\/wp\/v2\/comments?post=396"}],"version-history":[{"count":0,"href":"https:\/\/folhaderondonianews.com\/news\/wp-json\/wp\/v2\/posts\/396\/revisions"}],"wp:attachment":[{"href":"https:\/\/folhaderondonianews.com\/news\/wp-json\/wp\/v2\/media?parent=396"}],"wp:term":[{"taxonomy":"category","embeddable":true,"href":"https:\/\/folhaderondonianews.com\/news\/wp-json\/wp\/v2\/categories?post=396"},{"taxonomy":"post_tag","embeddable":true,"href":"https:\/\/folhaderondonianews.com\/news\/wp-json\/wp\/v2\/tags?post=396"}],"curies":[{"name":"wp","href":"https:\/\/api.w.org\/{rel}","templated":true}]}}