{"id":39782,"date":"2025-07-12T10:48:44","date_gmt":"2025-07-12T14:48:44","guid":{"rendered":"https:\/\/folhaderondonianews.com\/news\/?p=39782"},"modified":"2025-07-12T10:48:44","modified_gmt":"2025-07-12T14:48:44","slug":"trump-anuncia-tarifas-de-30-sobre-mexico-e-uniao-europeia","status":"publish","type":"post","link":"https:\/\/folhaderondonianews.com\/news\/2025\/07\/12\/trump-anuncia-tarifas-de-30-sobre-mexico-e-uniao-europeia\/","title":{"rendered":"Trump anuncia tarifas de 30% sobre M\u00e9xico e Uni\u00e3o Europeia"},"content":{"rendered":"<h2><span style=\"color: #333300;\">UNI\u00c3O EUROP\u00c9IA<\/span> diz que pode adotar contramedidas proporcionais, se necess\u00e1rio. Hoje as taxas est\u00e3o em 20%.<\/h2>\n<p class=\"postParagraph_post-paragraph-innerHtml__Q5vwc\"><span style=\"color: #ff0000;\"><strong>Di\u00e1rio do Povo &#8211;<\/strong><\/span> O presidente dos Estados Unidos, Donald Trump, divulgou, neste s\u00e1bado (12\/07), a implanta\u00e7\u00e3o de novas <strong>tarifas de 30%\u00a0<\/strong>para produtos importados do M\u00e9xico e da Uni\u00e3o Europeia (UE), que entrar\u00e3o em vigor em 1\u00ba de agosto.<\/p>\n<div id=\"touchpointPost\" class=\"c-touchpoint-post\">\n<div class=\"tp-container-inner\">O an\u00fancio das taxa\u00e7\u00f5es foi divulgado por meio de cartas compartilhadas separadamente nas redes sociais do presidente americano, com destino \u00e0 presidente do M\u00e9xico, Claudia Sheinbaum, e \u00e0 l\u00edder do bloco europeu, Ursula von der Leyen.<\/div>\n<\/div>\n<p class=\"postParagraph_post-paragraph-innerHtml__Q5vwc\">No caso da Uni\u00e3o Europeia, Trump afirma que consideraria uma poss\u00edvel redu\u00e7\u00e3o caso o bloco oferecesse \u201cacesso completo e aberto ao mercado para os Estados Unidos, sem tarifas sendo cobradas para n\u00f3s&#8221;. As rec\u00e9m-anunciadas taxas devem substituir as \u201ctarifas rec\u00edprocas\u201d de 20% que haviam sido divulgadas por Trump em abril. Trump justifica a medida como uma \u201c<strong>corre\u00e7\u00e3o ao desequil\u00edbrio comercial<\/strong>\u00a0persistente\u201d e sinaliza que a isen\u00e7\u00e3o \u00e9 poss\u00edvel se a produ\u00e7\u00e3o for realocada para os EUA.<\/p>\n<p class=\"postParagraph_post-paragraph__juWZN\">Para os mexicanos, Trump \u201csugeriu\u201d que ele consideraria negociar as tarifas caso o pa\u00eds \u201cfizesse mais\u201d para combater os cart\u00e9is de droga, cujas a\u00e7\u00f5es t\u00eam transformado &#8220;toda a Am\u00e9rica do Norte em um playground de narcotr\u00e1fico&#8221;. \u201cComo j\u00e1 se sabe, n\u00e3o haver\u00e1 tarifas se o M\u00e9xico ou empresas de seu pa\u00eds decidirem construir ou fabricar produtos dentro dos Estados Unidos\u201d, diz a carta, em semelhante pronunciamento \u00e0 Uni\u00e3o Europeia.<\/p>\n","protected":false},"excerpt":{"rendered":"<div class=\"mh-excerpt\"><p>UNI\u00c3O EUROP\u00c9IA diz que pode adotar contramedidas proporcionais, se necess\u00e1rio. Hoje as taxas est\u00e3o em 20%.<\/p>\n<\/div>","protected":false},"author":1,"featured_media":39783,"comment_status":"open","ping_status":"closed","sticky":false,"template":"","format":"standard","meta":{"footnotes":""},"categories":[9],"tags":[8445,1615,2637,1783],"class_list":["post-39782","post","type-post","status-publish","format-standard","has-post-thumbnail","hentry","category-politica","tag-ue","tag-tarifa","tag-trump","tag-uniao-europeia"],"_links":{"self":[{"href":"https:\/\/folhaderondonianews.com\/news\/wp-json\/wp\/v2\/posts\/39782","targetHints":{"allow":["GET"]}}],"collection":[{"href":"https:\/\/folhaderondonianews.com\/news\/wp-json\/wp\/v2\/posts"}],"about":[{"href":"https:\/\/folhaderondonianews.com\/news\/wp-json\/wp\/v2\/types\/post"}],"author":[{"embeddable":true,"href":"https:\/\/folhaderondonianews.com\/news\/wp-json\/wp\/v2\/users\/1"}],"replies":[{"embeddable":true,"href":"https:\/\/folhaderondonianews.com\/news\/wp-json\/wp\/v2\/comments?post=39782"}],"version-history":[{"count":1,"href":"https:\/\/folhaderondonianews.com\/news\/wp-json\/wp\/v2\/posts\/39782\/revisions"}],"predecessor-version":[{"id":39784,"href":"https:\/\/folhaderondonianews.com\/news\/wp-json\/wp\/v2\/posts\/39782\/revisions\/39784"}],"wp:featuredmedia":[{"embeddable":true,"href":"https:\/\/folhaderondonianews.com\/news\/wp-json\/wp\/v2\/media\/39783"}],"wp:attachment":[{"href":"https:\/\/folhaderondonianews.com\/news\/wp-json\/wp\/v2\/media?parent=39782"}],"wp:term":[{"taxonomy":"category","embeddable":true,"href":"https:\/\/folhaderondonianews.com\/news\/wp-json\/wp\/v2\/categories?post=39782"},{"taxonomy":"post_tag","embeddable":true,"href":"https:\/\/folhaderondonianews.com\/news\/wp-json\/wp\/v2\/tags?post=39782"}],"curies":[{"name":"wp","href":"https:\/\/api.w.org\/{rel}","templated":true}]}}