{"id":39910,"date":"2025-07-21T12:06:42","date_gmt":"2025-07-21T16:06:42","guid":{"rendered":"https:\/\/folhaderondonianews.com\/news\/?p=39910"},"modified":"2025-07-21T12:16:12","modified_gmt":"2025-07-21T16:16:12","slug":"acidente-fatal-mata-tres-pessoas-de-sao-paulo-em-rondonia","status":"publish","type":"post","link":"https:\/\/folhaderondonianews.com\/news\/2025\/07\/21\/acidente-fatal-mata-tres-pessoas-de-sao-paulo-em-rondonia\/","title":{"rendered":"Acidente fatal mata tr\u00eas pessoas de S\u00e3o Paulo em Rond\u00f4nia"},"content":{"rendered":"<h2>O carro era dirigido pelo mais jovem dos tr\u00eas e estavam a caminho do aeroporto de Porto Velho para um voo rumo a S\u00e3o Paulo. Cont\u00e9m V\u00eddeo.<\/h2>\n<p><span style=\"color: #333300;\"><strong>Roberto Gutierrez &#8211;<\/strong><\/span> Uma ultrapassagem for\u00e7ada na \u00faltima sexta-feira \u00e0 noite teria sido a causa do acidente envolvendo um carro de passeio com uma carreta, na BR-364 pr\u00f3ximo \u00e0 Vila de Samuel, munic\u00edpio de Candeias do Jamari, em Rond\u00f4nia. Os tr\u00eas ocupantes do Polo tinham hora marcada para um voo direto do aeroporto de Porto Velho a Cotia, interior de S\u00e3o Paulo. Eles eram representantes comerciais ligados a uma empresa \u00f3tica. Jos\u00e9 Lindomar A, 54 anos, Jandailson M. S., 27 anos, e Jo\u00e3o Gabriel S., o mais jovem, 24 anos, dirigia o carro. Os tr\u00eas ficaram presos em meio \u00e0s ferragens. <iframe title=\"YouTube video player\" data-src=\"https:\/\/www.youtube.com\/embed\/6z9mjGDz1bE?si=URSRLuyruREEQncU\" width=\"560\" height=\"315\" frameborder=\"0\" allowfullscreen=\"allowfullscreen\" src=\"data:image\/svg+xml;base64,PHN2ZyB3aWR0aD0iMSIgaGVpZ2h0PSIxIiB4bWxucz0iaHR0cDovL3d3dy53My5vcmcvMjAwMC9zdmciPjwvc3ZnPg==\" class=\"lazyload\" data-load-mode=\"1\"><\/iframe>O motorista da carreta e mais duas pessoas que estavam com ele, ficaram levemente feridos.<\/p>\n<figure id=\"attachment_39915\" aria-describedby=\"caption-attachment-39915\" style=\"width: 640px\" class=\"wp-caption alignnone\"><img decoding=\"async\" class=\"wp-image-39915 size-full lazyload\" data-src=\"https:\/\/folhaderondonianews.com\/news\/wp-content\/uploads\/2025\/07\/representates-corerciais-de-Cotia-morrem-em-Rondonia2.jpg\" alt=\"\" width=\"640\" height=\"360\" data-srcset=\"https:\/\/folhaderondonianews.com\/news\/wp-content\/uploads\/2025\/07\/representates-corerciais-de-Cotia-morrem-em-Rondonia2.jpg 640w, https:\/\/folhaderondonianews.com\/news\/wp-content\/uploads\/2025\/07\/representates-corerciais-de-Cotia-morrem-em-Rondonia2-300x169.jpg 300w\" data-sizes=\"(max-width: 640px) 100vw, 640px\" src=\"data:image\/svg+xml;base64,PHN2ZyB3aWR0aD0iMSIgaGVpZ2h0PSIxIiB4bWxucz0iaHR0cDovL3d3dy53My5vcmcvMjAwMC9zdmciPjwvc3ZnPg==\" style=\"--smush-placeholder-width: 640px; --smush-placeholder-aspect-ratio: 640\/360;\" \/><figcaption id=\"caption-attachment-39915\" class=\"wp-caption-text\">. Jos\u00e9 Lindomar A, tinha 54 anos e era de S\u00e3o Paulo<\/figcaption><\/figure>\n<p>&nbsp;<\/p>\n<p><img decoding=\"async\" class=\"alignnone size-full wp-image-39911 lazyload\" data-src=\"https:\/\/folhaderondonianews.com\/news\/wp-content\/uploads\/2025\/07\/representates-corerciais-de-Cotia-morrem-em-Rondonia3.jpg\" alt=\"\" width=\"640\" height=\"360\" data-srcset=\"https:\/\/folhaderondonianews.com\/news\/wp-content\/uploads\/2025\/07\/representates-corerciais-de-Cotia-morrem-em-Rondonia3.jpg 640w, https:\/\/folhaderondonianews.com\/news\/wp-content\/uploads\/2025\/07\/representates-corerciais-de-Cotia-morrem-em-Rondonia3-300x169.jpg 300w\" data-sizes=\"(max-width: 640px) 100vw, 640px\" src=\"data:image\/svg+xml;base64,PHN2ZyB3aWR0aD0iMSIgaGVpZ2h0PSIxIiB4bWxucz0iaHR0cDovL3d3dy53My5vcmcvMjAwMC9zdmciPjwvc3ZnPg==\" style=\"--smush-placeholder-width: 640px; --smush-placeholder-aspect-ratio: 640\/360;\" \/> <img decoding=\"async\" class=\"alignnone size-full wp-image-39912 lazyload\" data-src=\"https:\/\/folhaderondonianews.com\/news\/wp-content\/uploads\/2025\/07\/representates-corerciais-de-Cotia-morrem-em-Rondonia4.jpg\" alt=\"\" width=\"640\" height=\"360\" data-srcset=\"https:\/\/folhaderondonianews.com\/news\/wp-content\/uploads\/2025\/07\/representates-corerciais-de-Cotia-morrem-em-Rondonia4.jpg 640w, https:\/\/folhaderondonianews.com\/news\/wp-content\/uploads\/2025\/07\/representates-corerciais-de-Cotia-morrem-em-Rondonia4-300x169.jpg 300w\" data-sizes=\"(max-width: 640px) 100vw, 640px\" src=\"data:image\/svg+xml;base64,PHN2ZyB3aWR0aD0iMSIgaGVpZ2h0PSIxIiB4bWxucz0iaHR0cDovL3d3dy53My5vcmcvMjAwMC9zdmciPjwvc3ZnPg==\" style=\"--smush-placeholder-width: 640px; --smush-placeholder-aspect-ratio: 640\/360;\" \/> <img decoding=\"async\" class=\"alignnone size-full wp-image-39913 lazyload\" data-src=\"https:\/\/folhaderondonianews.com\/news\/wp-content\/uploads\/2025\/07\/representates-corerciais-de-Cotia-morrem-em-Rondonia5.jpg\" alt=\"\" width=\"640\" height=\"360\" data-srcset=\"https:\/\/folhaderondonianews.com\/news\/wp-content\/uploads\/2025\/07\/representates-corerciais-de-Cotia-morrem-em-Rondonia5.jpg 640w, https:\/\/folhaderondonianews.com\/news\/wp-content\/uploads\/2025\/07\/representates-corerciais-de-Cotia-morrem-em-Rondonia5-300x169.jpg 300w\" data-sizes=\"(max-width: 640px) 100vw, 640px\" src=\"data:image\/svg+xml;base64,PHN2ZyB3aWR0aD0iMSIgaGVpZ2h0PSIxIiB4bWxucz0iaHR0cDovL3d3dy53My5vcmcvMjAwMC9zdmciPjwvc3ZnPg==\" style=\"--smush-placeholder-width: 640px; --smush-placeholder-aspect-ratio: 640\/360;\" \/> <img decoding=\"async\" class=\"alignnone size-full wp-image-39914 lazyload\" data-src=\"https:\/\/folhaderondonianews.com\/news\/wp-content\/uploads\/2025\/07\/representates-corerciais-de-Cotia-morrem-em-Rondonia6.jpg\" alt=\"\" width=\"640\" height=\"360\" data-srcset=\"https:\/\/folhaderondonianews.com\/news\/wp-content\/uploads\/2025\/07\/representates-corerciais-de-Cotia-morrem-em-Rondonia6.jpg 640w, https:\/\/folhaderondonianews.com\/news\/wp-content\/uploads\/2025\/07\/representates-corerciais-de-Cotia-morrem-em-Rondonia6-300x169.jpg 300w\" data-sizes=\"(max-width: 640px) 100vw, 640px\" src=\"data:image\/svg+xml;base64,PHN2ZyB3aWR0aD0iMSIgaGVpZ2h0PSIxIiB4bWxucz0iaHR0cDovL3d3dy53My5vcmcvMjAwMC9zdmciPjwvc3ZnPg==\" style=\"--smush-placeholder-width: 640px; --smush-placeholder-aspect-ratio: 640\/360;\" \/><\/p>\n<p>&nbsp;<\/p>\n","protected":false},"excerpt":{"rendered":"<div class=\"mh-excerpt\"><p>O carro era dirigido pelo mais jovem dos tr\u00eas e estavam a caminho do aeroporto de Porto Velho para um voo rumo a S\u00e3o Paulo. Cont\u00e9m V\u00eddeo.<\/p>\n<\/div>","protected":false},"author":1,"featured_media":39916,"comment_status":"open","ping_status":"closed","sticky":false,"template":"","format":"standard","meta":{"footnotes":""},"categories":[11],"tags":[409,986,8486,42,7249],"class_list":["post-39910","post","type-post","status-publish","format-standard","has-post-thumbnail","hentry","category-policia","tag-acidente","tag-br-364","tag-cotia","tag-rondonia","tag-sp"],"_links":{"self":[{"href":"https:\/\/folhaderondonianews.com\/news\/wp-json\/wp\/v2\/posts\/39910","targetHints":{"allow":["GET"]}}],"collection":[{"href":"https:\/\/folhaderondonianews.com\/news\/wp-json\/wp\/v2\/posts"}],"about":[{"href":"https:\/\/folhaderondonianews.com\/news\/wp-json\/wp\/v2\/types\/post"}],"author":[{"embeddable":true,"href":"https:\/\/folhaderondonianews.com\/news\/wp-json\/wp\/v2\/users\/1"}],"replies":[{"embeddable":true,"href":"https:\/\/folhaderondonianews.com\/news\/wp-json\/wp\/v2\/comments?post=39910"}],"version-history":[{"count":6,"href":"https:\/\/folhaderondonianews.com\/news\/wp-json\/wp\/v2\/posts\/39910\/revisions"}],"predecessor-version":[{"id":39922,"href":"https:\/\/folhaderondonianews.com\/news\/wp-json\/wp\/v2\/posts\/39910\/revisions\/39922"}],"wp:featuredmedia":[{"embeddable":true,"href":"https:\/\/folhaderondonianews.com\/news\/wp-json\/wp\/v2\/media\/39916"}],"wp:attachment":[{"href":"https:\/\/folhaderondonianews.com\/news\/wp-json\/wp\/v2\/media?parent=39910"}],"wp:term":[{"taxonomy":"category","embeddable":true,"href":"https:\/\/folhaderondonianews.com\/news\/wp-json\/wp\/v2\/categories?post=39910"},{"taxonomy":"post_tag","embeddable":true,"href":"https:\/\/folhaderondonianews.com\/news\/wp-json\/wp\/v2\/tags?post=39910"}],"curies":[{"name":"wp","href":"https:\/\/api.w.org\/{rel}","templated":true}]}}