{"id":40225,"date":"2025-08-08T15:22:47","date_gmt":"2025-08-08T19:22:47","guid":{"rendered":"https:\/\/folhaderondonianews.com\/news\/?p=40225"},"modified":"2025-08-08T15:22:47","modified_gmt":"2025-08-08T19:22:47","slug":"morre-aos-66-anos-arlindo-cruz-icone-do-samba-brasileiro","status":"publish","type":"post","link":"https:\/\/folhaderondonianews.com\/news\/2025\/08\/08\/morre-aos-66-anos-arlindo-cruz-icone-do-samba-brasileiro\/","title":{"rendered":"Morre aos 66 anos Arlindo Cruz, \u00edcone do samba brasileiro"},"content":{"rendered":"<h3>Quando deixou a Aeron\u00e1utica, Arlindo Cruz passou a frequentar as rodas de samba do Cacique de Ramos, ao lado de Jorge Arag\u00e3o, Beth Carvalho, Almir Guineto, Zeca Pagodinho e Sombrinha.<\/h3>\n<p><strong><span style=\"color: #ff0000;\">Ag\u00eancia Brasil &#8211;<\/span> <\/strong>Nesta sexta-feira (8), o Brasil se despede de um de seus maiores talentos musicais &#8211; o multi-instrumentista, compositor e \u00edcone do samba, Arlindo Cruz. Com a sa\u00fade debilitada desde 2017, <a href=\"https:\/\/agenciabrasil.ebc.com.br\/cultura\/noticia\/2017-03\/sambista-arlindo-cruz-continua-internado-em-estado-grave-apos-avc\" target=\"_blank\" rel=\"noopener\">quando sofreu um grave Acidente Vascular Cerebral (AVC)<\/a>, Arlindo Cruz morreu aos 66 anos.\u00a0<img decoding=\"async\" data-src=\"https:\/\/agenciabrasil.ebc.com.br\/ebc.png?id=1653764&amp;o=node\" src=\"data:image\/svg+xml;base64,PHN2ZyB3aWR0aD0iMSIgaGVpZ2h0PSIxIiB4bWxucz0iaHR0cDovL3d3dy53My5vcmcvMjAwMC9zdmciPjwvc3ZnPg==\" class=\"lazyload\" \/><img decoding=\"async\" data-src=\"https:\/\/agenciabrasil.ebc.com.br\/ebc.gif?id=1653764&amp;o=node\" src=\"data:image\/svg+xml;base64,PHN2ZyB3aWR0aD0iMSIgaGVpZ2h0PSIxIiB4bWxucz0iaHR0cDovL3d3dy53My5vcmcvMjAwMC9zdmciPjwvc3ZnPg==\" class=\"lazyload\" \/><\/p>\n<p>Nascido em 14 de setembro de 1956, em Madureira, na Zona Norte do Rio de Janeiro, Arlindo Domingos da Cruz Filho cresceu embalado pelo batuque das rodas de samba. Aos 7 anos de idade, ganhou seu primeiro cavaquinho. Ainda muito jovem, come\u00e7ou a trabalhar como m\u00fasico, ao lado de grandes artistas, como Candeia. Mais tarde foi para a Escola Preparat\u00f3ria de Cadetes do Ar, mas sem jamais abandonar a m\u00fasica. Em participa\u00e7\u00e3o no programa Sem Censura, da TV Brasil, ele contou da heran\u00e7a musical que recebeu dentro de casa, por influ\u00eancia do seu pai Arlind\u00e3o Cruz, que tocava cavaquinho, e a m\u00e3e Aracy, que tocava bateria e cantava.\u00a0<iframe title=\"YouTube video player\" data-src=\"https:\/\/www.youtube.com\/embed\/40YjtH8VwMo?si=k2mZstW9D4FfiFEt\" width=\"560\" height=\"315\" frameborder=\"0\" allowfullscreen=\"allowfullscreen\" src=\"data:image\/svg+xml;base64,PHN2ZyB3aWR0aD0iMSIgaGVpZ2h0PSIxIiB4bWxucz0iaHR0cDovL3d3dy53My5vcmcvMjAwMC9zdmciPjwvc3ZnPg==\" class=\"lazyload\" data-load-mode=\"1\"><\/iframe> Quando deixou a Aeron\u00e1utica, Arlindo Cruz passou a frequentar as rodas de samba do Cacique de Ramos, ao lado de Jorge Arag\u00e3o, Beth Carvalho, Almir Guineto, Zeca Pagodinho e Sombrinha, que viria a ser seu grande parceiro. Ali, recebeu o convite para participar do grupo Fundo de Quintal. Foi nesse tempo que o samba ganhou nova forma, com uma sonoridade moderna, mas sem perder a ess\u00eancia dos quintais e terreiros. Suas composi\u00e7\u00f5es logo passaram a figurar nas vozes de Zeca Pagodinho, Beth Carvalho, Alcione e tantos outros. Foram, ent\u00e3o, 12 anos de trabalho, deixando o grupo em 1993, para se lan\u00e7ar em carreira solo.<\/p>\n<p><strong>Assista ao programa Samba na Gamboa, da TV Brasil, com Arlindinho Cruz, que homenageou o pai.<\/strong><\/p>\n<p><iframe title=\"YouTube video player\" data-src=\"https:\/\/www.youtube.com\/embed\/qEyytc5ghrk?si=SV9m-xb_olIpYu-J&amp;start=45\" width=\"560\" height=\"315\" frameborder=\"0\" allowfullscreen=\"allowfullscreen\" src=\"data:image\/svg+xml;base64,PHN2ZyB3aWR0aD0iMSIgaGVpZ2h0PSIxIiB4bWxucz0iaHR0cDovL3d3dy53My5vcmcvMjAwMC9zdmciPjwvc3ZnPg==\" class=\"lazyload\" data-load-mode=\"1\"><\/iframe><\/p>\n","protected":false},"excerpt":{"rendered":"<div class=\"mh-excerpt\"><p>Quando deixou a Aeron\u00e1utica, Arlindo Cruz passou a frequentar as rodas de samba do Cacique de Ramos, ao lado de Jorge Arag\u00e3o, Beth Carvalho, Almir Guineto, Zeca Pagodinho e Sombrinha.<\/p>\n<\/div>","protected":false},"author":1,"featured_media":40226,"comment_status":"open","ping_status":"closed","sticky":false,"template":"","format":"standard","meta":{"footnotes":""},"categories":[5],"tags":[8567,8570,8566,8564,8565,8569,8568],"class_list":["post-40225","post","type-post","status-publish","format-standard","has-post-thumbnail","hentry","category-brasil","tag-almir-guineto","tag-arlindo-cruz","tag-beth-carvalho","tag-cacique-de-ramos","tag-jorge-aragao","tag-sombrinha","tag-zeca-pagodinho"],"_links":{"self":[{"href":"https:\/\/folhaderondonianews.com\/news\/wp-json\/wp\/v2\/posts\/40225","targetHints":{"allow":["GET"]}}],"collection":[{"href":"https:\/\/folhaderondonianews.com\/news\/wp-json\/wp\/v2\/posts"}],"about":[{"href":"https:\/\/folhaderondonianews.com\/news\/wp-json\/wp\/v2\/types\/post"}],"author":[{"embeddable":true,"href":"https:\/\/folhaderondonianews.com\/news\/wp-json\/wp\/v2\/users\/1"}],"replies":[{"embeddable":true,"href":"https:\/\/folhaderondonianews.com\/news\/wp-json\/wp\/v2\/comments?post=40225"}],"version-history":[{"count":1,"href":"https:\/\/folhaderondonianews.com\/news\/wp-json\/wp\/v2\/posts\/40225\/revisions"}],"predecessor-version":[{"id":40227,"href":"https:\/\/folhaderondonianews.com\/news\/wp-json\/wp\/v2\/posts\/40225\/revisions\/40227"}],"wp:featuredmedia":[{"embeddable":true,"href":"https:\/\/folhaderondonianews.com\/news\/wp-json\/wp\/v2\/media\/40226"}],"wp:attachment":[{"href":"https:\/\/folhaderondonianews.com\/news\/wp-json\/wp\/v2\/media?parent=40225"}],"wp:term":[{"taxonomy":"category","embeddable":true,"href":"https:\/\/folhaderondonianews.com\/news\/wp-json\/wp\/v2\/categories?post=40225"},{"taxonomy":"post_tag","embeddable":true,"href":"https:\/\/folhaderondonianews.com\/news\/wp-json\/wp\/v2\/tags?post=40225"}],"curies":[{"name":"wp","href":"https:\/\/api.w.org\/{rel}","templated":true}]}}