{"id":40427,"date":"2025-09-02T08:09:48","date_gmt":"2025-09-02T12:09:48","guid":{"rendered":"https:\/\/folhaderondonianews.com\/news\/?p=40427"},"modified":"2025-09-02T08:09:48","modified_gmt":"2025-09-02T12:09:48","slug":"justica-aumenta-indenizacao-que-nikolas-tera-de-pagar-a-felipe-neto","status":"publish","type":"post","link":"https:\/\/folhaderondonianews.com\/news\/2025\/09\/02\/justica-aumenta-indenizacao-que-nikolas-tera-de-pagar-a-felipe-neto\/","title":{"rendered":"Justi\u00e7a aumenta indeniza\u00e7\u00e3o que Nikolas ter\u00e1 de pagar a Felipe Neto"},"content":{"rendered":"<div class=\"header-noticia full-width\">\n<div class=\"header-noticia full-width\">\n<h2 class=\"linha-fina-noticia\">Valor passou de R$ 8 mil para R$ 12 mil, quantia que melhor considera a extens\u00e3o da exposi\u00e7\u00e3o a que o autor foi submetido.<\/h2>\n<\/div>\n<div class=\"subheader\">\n<div class=\"container-autoria\"><strong><span style=\"color: #ff0000;\">Dougla Corr\u00eaa\/ABr<\/span> &#8211; O Tribunal de Justi\u00e7a do Rio de Janeiro (TJRJ) aumentou de R$ 8 mil para R$ 12 mil o valor da indeniza\u00e7\u00e3o por danos morais que o deputado federal Nikolas Ferreira (PL-MG) ter\u00e1 de pagar ao influenciador digital Felipe Neto.<\/strong><img decoding=\"async\" data-src=\"https:\/\/agenciabrasil.ebc.com.br\/ebc.png?id=1656710&amp;o=node\" src=\"data:image\/svg+xml;base64,PHN2ZyB3aWR0aD0iMSIgaGVpZ2h0PSIxIiB4bWxucz0iaHR0cDovL3d3dy53My5vcmcvMjAwMC9zdmciPjwvc3ZnPg==\" class=\"lazyload\" \/><img decoding=\"async\" data-src=\"https:\/\/agenciabrasil.ebc.com.br\/ebc.gif?id=1656710&amp;o=node\" src=\"data:image\/svg+xml;base64,PHN2ZyB3aWR0aD0iMSIgaGVpZ2h0PSIxIiB4bWxucz0iaHR0cDovL3d3dy53My5vcmcvMjAwMC9zdmciPjwvc3ZnPg==\" class=\"lazyload\" \/><\/div>\n<\/div>\n<p>A desembargadora Renata Machado Cotta, da 2\u00aa C\u00e2mara de Direito Privado do TJRJ escreveu, em sua decis\u00e3o, que Nikolas fez uso, sem autoriza\u00e7\u00e3o, do nome, da voz e imagem de Felipe Neto para reprovar os posicionamentos do influenciador, afirmando que ele cancela, dezenas de pessoas e transmite ideias reprov\u00e1veis a crian\u00e7as.<\/p>\n<p><strong>A senten\u00e7a, de primeira inst\u00e2ncia, que estabeleceu o valor em R$ 8 mil, \u00e9 de novembro de 2024. No entanto, Felipe Neto recorreu, alegando que sua imagem foi usada de forma negativa, vexat\u00f3ria, com conte\u00fado veiculado nas redes sociais do r\u00e9u, com a finalidade de obten\u00e7\u00e3o de lucro.<\/strong><\/p>\n<p>Na decis\u00e3o, por unanimidade, os desembargadores seguiram o voto da relatora. A desembargadora escreveu \u201cque ambas as partes s\u00e3o pessoas p\u00fablicas e que ostentam razo\u00e1vel condi\u00e7\u00e3o financeira, considero que o valor deve ser majorado para R$ 12 mil, quantia que melhor considera a extens\u00e3o da exposi\u00e7\u00e3o a que o autor foi submetido, bem como o intuito, ainda que indireto, do r\u00e9u, de obter provento pr\u00f3prio\u201d.<\/p>\n<\/div>\n<div class=\"subheader\">\n<div class=\"container-autoria\"><\/div>\n<\/div>\n","protected":false},"excerpt":{"rendered":"<div class=\"mh-excerpt\"><p>Valor passou de R$ 8 mil para R$ 12 mil, quantia que melhor considera a extens\u00e3o da exposi\u00e7\u00e3o a que o autor foi submetido.<\/p>\n<\/div>","protected":false},"author":1,"featured_media":40428,"comment_status":"open","ping_status":"closed","sticky":false,"template":"","format":"standard","meta":{"footnotes":""},"categories":[9],"tags":[],"class_list":["post-40427","post","type-post","status-publish","format-standard","has-post-thumbnail","hentry","category-politica"],"_links":{"self":[{"href":"https:\/\/folhaderondonianews.com\/news\/wp-json\/wp\/v2\/posts\/40427","targetHints":{"allow":["GET"]}}],"collection":[{"href":"https:\/\/folhaderondonianews.com\/news\/wp-json\/wp\/v2\/posts"}],"about":[{"href":"https:\/\/folhaderondonianews.com\/news\/wp-json\/wp\/v2\/types\/post"}],"author":[{"embeddable":true,"href":"https:\/\/folhaderondonianews.com\/news\/wp-json\/wp\/v2\/users\/1"}],"replies":[{"embeddable":true,"href":"https:\/\/folhaderondonianews.com\/news\/wp-json\/wp\/v2\/comments?post=40427"}],"version-history":[{"count":1,"href":"https:\/\/folhaderondonianews.com\/news\/wp-json\/wp\/v2\/posts\/40427\/revisions"}],"predecessor-version":[{"id":40429,"href":"https:\/\/folhaderondonianews.com\/news\/wp-json\/wp\/v2\/posts\/40427\/revisions\/40429"}],"wp:featuredmedia":[{"embeddable":true,"href":"https:\/\/folhaderondonianews.com\/news\/wp-json\/wp\/v2\/media\/40428"}],"wp:attachment":[{"href":"https:\/\/folhaderondonianews.com\/news\/wp-json\/wp\/v2\/media?parent=40427"}],"wp:term":[{"taxonomy":"category","embeddable":true,"href":"https:\/\/folhaderondonianews.com\/news\/wp-json\/wp\/v2\/categories?post=40427"},{"taxonomy":"post_tag","embeddable":true,"href":"https:\/\/folhaderondonianews.com\/news\/wp-json\/wp\/v2\/tags?post=40427"}],"curies":[{"name":"wp","href":"https:\/\/api.w.org\/{rel}","templated":true}]}}