{"id":40433,"date":"2025-09-03T08:25:22","date_gmt":"2025-09-03T12:25:22","guid":{"rendered":"https:\/\/folhaderondonianews.com\/news\/?p=40433"},"modified":"2025-09-03T08:25:38","modified_gmt":"2025-09-03T12:25:38","slug":"uniao-brasil-e-pp-anunciam-afastamento-do-governo-lula","status":"publish","type":"post","link":"https:\/\/folhaderondonianews.com\/news\/2025\/09\/03\/uniao-brasil-e-pp-anunciam-afastamento-do-governo-lula\/","title":{"rendered":"Uni\u00e3o Brasil e PP anunciam afastamento do governo Lula"},"content":{"rendered":"<div class=\"header-noticia full-width\">\n<h2 class=\"linha-fina-noticia\"><strong>A medida pode impactar a perman\u00eancia dos ministros do Turismo, Celso Sabino (Uni\u00e3o-PA), e do Esporte, Andr\u00e9 Fufuca (PP-MA).<\/strong><\/h2>\n<\/div>\n<div class=\"container-autoria\">\n<p><strong><span style=\"color: #ff0000;\">Pedro Rafael Vilela\/ABr &#8211;<\/span> Os partidos Uni\u00e3o Brasil e Progressistas, que juntos formam a federa\u00e7\u00e3o Uni\u00e3o Progressista, com mais de 100 parlamentares no Congresso Nacional, anunciaram nesta ter\u00e7a-feira (2) que &#8220;detentores de mandato&#8221; filiados \u00e0s legendas devem renunciar a qualquer cargo ocupado no governo federal. <\/strong>A medida formaliza o desembarque dos partidos da base de apoio do governo do presidente Luiz In\u00e1cio Lula da Silva.<img decoding=\"async\" data-src=\"https:\/\/agenciabrasil.ebc.com.br\/ebc.png?id=1656857&amp;o=node\" src=\"data:image\/svg+xml;base64,PHN2ZyB3aWR0aD0iMSIgaGVpZ2h0PSIxIiB4bWxucz0iaHR0cDovL3d3dy53My5vcmcvMjAwMC9zdmciPjwvc3ZnPg==\" class=\"lazyload\" \/><img decoding=\"async\" data-src=\"https:\/\/agenciabrasil.ebc.com.br\/ebc.gif?id=1656857&amp;o=node\" src=\"data:image\/svg+xml;base64,PHN2ZyB3aWR0aD0iMSIgaGVpZ2h0PSIxIiB4bWxucz0iaHR0cDovL3d3dy53My5vcmcvMjAwMC9zdmciPjwvc3ZnPg==\" class=\"lazyload\" \/><\/p>\n<blockquote><p>&#8220;Em caso de descumprimento desta determina\u00e7\u00e3o, se dirigentes desta federa\u00e7\u00e3o em seus estados, haver\u00e1 o afastamento em ato cont\u00ednuo. Se a perman\u00eancia persistir, ser\u00e3o adotadas as puni\u00e7\u00f5es disciplinares previstas no estatuto&#8221;, diz o comunicado.<\/p><\/blockquote>\n<p>A nota foi lida\u00a0pelo presidente do Uni\u00e3o Brasil, Ant\u00f4nio Rueda, ao lado do presidente nacional do PP, o senador Ciro Nogueira (PI), em um pronunciamento na C\u00e2mara dos Deputados. Mais cedo, os dois l\u00edderes partid\u00e1rios j\u00e1 haviam acertado os detalhes deste rompimento em reuni\u00e3o com aliados.<\/p>\n<blockquote><p>&#8220;Esta decis\u00e3o representa um gesto de clareza e de coer\u00eancia. \u00c9 isso que o povo brasileiro e os eleitores exigem de seus representantes&#8221;, completa o comunicado.<\/p><\/blockquote>\n<p><strong>A medida pode impactar a perman\u00eancia dos ministros do Turismo, Celso Sabino (Uni\u00e3o-PA), e do Esporte, Andr\u00e9 Fufuca (PP-MA). Ambos s\u00e3o deputados federais, ou seja, detentores de mandatos filiados aos partidos da federa\u00e7\u00e3o.<\/strong><\/p>\n<p>At\u00e9 o momento, n\u00e3o houve manifesta\u00e7\u00e3o dos dois ministros mais diretamente impactados pelo comunicado da federa\u00e7\u00e3o Uni\u00e3o Progressista. Al\u00e9m disso, o Uni\u00e3o Brasil, por meio do presidente do Senado, Davi Alcolumbre (AP), tem indica\u00e7\u00f5es em outras duas pastas: Waldez G\u00f3es (Desenvolvimento Regional) e Frederico de Siqueira (Comunica\u00e7\u00f5es).<\/p>\n<p>O PP tamb\u00e9m ocupa o comando da Caixa Econ\u00f4mica Federal, com Carlos Vieira, indicado pelo ex-presidente da C\u00e2mara Arthur Lira (PP-AL).<\/p>\n<h2>Compromisso<\/h2>\n<p><strong>Em nota postada nas redes sociais, a ministra das Rela\u00e7\u00f5es Institucionais, Gleisi Hoffmann, respons\u00e1vel pela articula\u00e7\u00e3o pol\u00edtica do governo federal, diz respeitar a decis\u00e3o da federa\u00e7\u00e3o, mas cobrou compromisso de quem se mantiver nos cargos.<\/strong><\/p>\n<p>&#8220;Respeitamos a decis\u00e3o da dire\u00e7\u00e3o da Federa\u00e7\u00e3o da UP. Ningu\u00e9m \u00e9 obrigado a ficar no governo. Tamb\u00e9m n\u00e3o estamos pedindo para ningu\u00e9m sair. Mas quem permanecer deve ter compromisso com o presidente Lula e com as pautas principais que este governo defende, como justi\u00e7a tribut\u00e1ria, a democracia e o estado de direito, nossa soberania. Precisam trabalhar conosco para aprova\u00e7\u00e3o das pautas do governo no Congresso Nacional. Isso vale para quem tem mandato e para quem n\u00e3o tem mandato, inclusive para aqueles que indicam pessoas para posi\u00e7\u00f5es no governo, seja na administra\u00e7\u00e3o direta, indireta ou regionais&#8221;, escreveu a ministra.<\/p>\n<\/div>\n","protected":false},"excerpt":{"rendered":"<div class=\"mh-excerpt\"><p>A medida pode impactar a perman\u00eancia dos ministros do Turismo, Celso Sabino (Uni\u00e3o-PA), e do Esporte, Andr\u00e9 Fufuca (PP-MA).<\/p>\n<\/div>","protected":false},"author":1,"featured_media":40434,"comment_status":"open","ping_status":"closed","sticky":false,"template":"","format":"standard","meta":{"footnotes":""},"categories":[9],"tags":[8634,8633],"class_list":["post-40433","post","type-post","status-publish","format-standard","has-post-thumbnail","hentry","category-politica","tag-andre-fufuca","tag-celso-sabino"],"_links":{"self":[{"href":"https:\/\/folhaderondonianews.com\/news\/wp-json\/wp\/v2\/posts\/40433","targetHints":{"allow":["GET"]}}],"collection":[{"href":"https:\/\/folhaderondonianews.com\/news\/wp-json\/wp\/v2\/posts"}],"about":[{"href":"https:\/\/folhaderondonianews.com\/news\/wp-json\/wp\/v2\/types\/post"}],"author":[{"embeddable":true,"href":"https:\/\/folhaderondonianews.com\/news\/wp-json\/wp\/v2\/users\/1"}],"replies":[{"embeddable":true,"href":"https:\/\/folhaderondonianews.com\/news\/wp-json\/wp\/v2\/comments?post=40433"}],"version-history":[{"count":1,"href":"https:\/\/folhaderondonianews.com\/news\/wp-json\/wp\/v2\/posts\/40433\/revisions"}],"predecessor-version":[{"id":40435,"href":"https:\/\/folhaderondonianews.com\/news\/wp-json\/wp\/v2\/posts\/40433\/revisions\/40435"}],"wp:featuredmedia":[{"embeddable":true,"href":"https:\/\/folhaderondonianews.com\/news\/wp-json\/wp\/v2\/media\/40434"}],"wp:attachment":[{"href":"https:\/\/folhaderondonianews.com\/news\/wp-json\/wp\/v2\/media?parent=40433"}],"wp:term":[{"taxonomy":"category","embeddable":true,"href":"https:\/\/folhaderondonianews.com\/news\/wp-json\/wp\/v2\/categories?post=40433"},{"taxonomy":"post_tag","embeddable":true,"href":"https:\/\/folhaderondonianews.com\/news\/wp-json\/wp\/v2\/tags?post=40433"}],"curies":[{"name":"wp","href":"https:\/\/api.w.org\/{rel}","templated":true}]}}