{"id":40436,"date":"2025-09-04T19:30:18","date_gmt":"2025-09-04T23:30:18","guid":{"rendered":"https:\/\/folhaderondonianews.com\/news\/?p=40436"},"modified":"2025-09-04T19:30:18","modified_gmt":"2025-09-04T23:30:18","slug":"unimed-centro-rondonia-e-tribunal-de-justica-firmam-termo-de-cooperacao","status":"publish","type":"post","link":"https:\/\/folhaderondonianews.com\/news\/2025\/09\/04\/unimed-centro-rondonia-e-tribunal-de-justica-firmam-termo-de-cooperacao\/","title":{"rendered":"Unimed Centro Rond\u00f4nia e Tribunal de Justi\u00e7a firmam Termo de Coopera\u00e7\u00e3o"},"content":{"rendered":"<div class=\"noticia section-text align-justify\">\n<h2 data-end=\"782\" data-start=\"388\">A assinatura do termo sela um compromisso entre o setor de sa\u00fade suplementar e o Poder Judici\u00e1rio de Rond\u00f4nia.<\/h2>\n<p data-end=\"782\" data-start=\"388\">No dia 04 de setembro de 2025, a Unimed Centro Rond\u00f4nia e o Tribunal de Justi\u00e7a do Estado de Rond\u00f4nia (TJRO) formalizaram a assinatura de um Termo de Coopera\u00e7\u00e3o T\u00e9cnica com o objetivo de promover a resolu\u00e7\u00e3o consensual e c\u00e9lere de demandas relacionadas \u00e0 cobertura assistencial dos planos de sa\u00fade oferecidos pela cooperativa m\u00e9dica.<\/p>\n<blockquote>\n<h3 data-end=\"782\" data-start=\"388\"><span style=\"color: #ff0000;\"><strong data-end=\"448\" data-start=\"388\">Um marco hist\u00f3rico para a sa\u00fade suplementar em Rond\u00f4nia.<\/strong>\u00a0<\/span><\/h3>\n<\/blockquote>\n<p data-end=\"1373\" data-start=\"784\">A cerim\u00f4nia de assinatura ocorreu na sede do Tribunal de Justi\u00e7a e contou com a presen\u00e7a de autoridades das duas institui\u00e7\u00f5es. Representando a Unimed Centro Rond\u00f4nia, participaram o Presidente Dr. Alcilio de Souza, o Diretor Administrativo e Financeiro Dr. Rodrigo Zipparro, a Diretora de Aten\u00e7\u00e3o \u00e0 Sa\u00fade Dra. Magna Sueli, o Superintendente Executivo Sr. Junior Barcelos, o Gerente Jur\u00eddico Dr. Cleber Carmona e o advogado Dr. Cristian Rabelo. Pelo TJRO, estiveram presentes o Presidente do Tribunal, Desembargador Dr. Raduan Miguel Filho, o Juiz Coordenador do Comit\u00ea Estadual de Sa\u00fade do F\u00f3rum Nacional de Sa\u00fade do CNJ\u00a0junto ao TJ\/RO, Dr. Edenir Sebasti\u00e3o Albuquerque da Rosa e o Juiz Secret\u00e1rio-Geral\u00a0 Dr. Rinaldo Forti da Silva.<\/p>\n<p data-end=\"1733\" data-start=\"1375\">O Termo de Coopera\u00e7\u00e3o T\u00e9cnica tem como finalidade estabelecer um\u00a0<strong data-end=\"1486\" data-start=\"1440\">procedimento de concilia\u00e7\u00e3o pr\u00e9-processual<\/strong>\u00a0para conflitos relacionados \u00e0 cobertura assistencial dos planos de sa\u00fade, antes que sejam ajuizadas a\u00e7\u00f5es judiciais. A proposta \u00e9 fortalecer o di\u00e1logo institucional, reduzir a judicializa\u00e7\u00e3o de demandas e agilizar o atendimento aos benefici\u00e1rios.<\/p>\n<p data-end=\"1785\" data-start=\"1735\">Entre os principais objetivos da coopera\u00e7\u00e3o est\u00e3o:<\/p>\n<ul data-end=\"2253\" data-start=\"1787\">\n<li data-end=\"1864\" data-start=\"1787\">\n<p data-end=\"1864\" data-start=\"1789\">Promover a resolu\u00e7\u00e3o consensual de conflitos de forma mais r\u00e1pida e eficaz;<\/p>\n<\/li>\n<li data-end=\"1944\" data-start=\"1865\">\n<p data-end=\"1944\" data-start=\"1867\">Criar um canal direto de comunica\u00e7\u00e3o entre o TJRO e a Unimed Centro Rond\u00f4nia;<\/p>\n<\/li>\n<li data-end=\"2041\" data-start=\"1945\">\n<p data-end=\"2041\" data-start=\"1947\">Implantar um fluxo simplificado e confidencial para an\u00e1lise e solu\u00e7\u00e3o de pedidos de cobertura;<\/p>\n<\/li>\n<li data-end=\"2097\" data-start=\"2042\">\n<p data-end=\"2097\" data-start=\"2044\">Reduzir o tempo de resposta \u00e0s demandas dos usu\u00e1rios;<\/p>\n<\/li>\n<li data-end=\"2156\" data-start=\"2098\">\n<p data-end=\"2156\" data-start=\"2100\">Estimular a cultura da concilia\u00e7\u00e3o e do di\u00e1logo t\u00e9cnico;<\/p>\n<\/li>\n<li data-end=\"2253\" data-start=\"2157\">\n<p data-end=\"2253\" data-start=\"2159\">Contribuir para a desjudicializa\u00e7\u00e3o de demandas que possam ser resolvidas administrativamente.<\/p>\n<\/li>\n<\/ul>\n<p data-end=\"2377\" data-start=\"2255\">Durante o evento, o Presidente da Unimed Centro Rond\u00f4nia,\u00a0<strong data-end=\"2337\" data-start=\"2313\">Dr. Alcilio de Souza<\/strong>, destacou a relev\u00e2ncia da iniciativa:<\/p>\n<blockquote data-end=\"2682\" data-start=\"2378\">\n<p data-end=\"2682\" data-start=\"2380\">\u201cEste acordo representa um avan\u00e7o importante na rela\u00e7\u00e3o entre as institui\u00e7\u00f5es e, principalmente, no compromisso com os nossos benefici\u00e1rios. Estamos construindo uma ponte de di\u00e1logo com o Judici\u00e1rio para que possamos, juntos, oferecer solu\u00e7\u00f5es mais r\u00e1pidas, humanas e eficazes para os nossos clientes.\u201d<\/p>\n<\/blockquote>\n<p data-end=\"2835\" data-start=\"2684\">J\u00e1 o Presidente do Tribunal de Justi\u00e7a,\u00a0<strong data-end=\"2765\" data-start=\"2724\">Desembargador Dr. Raduan Miguel Filho<\/strong>, ressaltou a import\u00e2ncia da parceria para a efetividade da Justi\u00e7a:<\/p>\n<blockquote data-end=\"3150\" data-start=\"2836\">\n<p data-end=\"3150\" data-start=\"2838\">\u201cA concilia\u00e7\u00e3o \u00e9 um dos pilares da nossa pol\u00edtica judici\u00e1ria. Estabelecer esse fluxo com a Unimed Centro Rond\u00f4nia refor\u00e7a o nosso compromisso com a celeridade e com a busca de solu\u00e7\u00f5es extrajudiciais que beneficiem a sociedade como um todo. Ganha o Judici\u00e1rio, ganha a Unimed, mas sobretudo, ganham os cidad\u00e3os.\u201d<\/p>\n<\/blockquote>\n<p data-end=\"3425\" data-start=\"3152\">A assinatura do termo sela um compromisso m\u00fatuo entre o setor de sa\u00fade suplementar e o Poder Judici\u00e1rio de Rond\u00f4nia, reafirmando a responsabilidade social das institui\u00e7\u00f5es na promo\u00e7\u00e3o de solu\u00e7\u00f5es pac\u00edficas, \u00e1geis e t\u00e9cnicas para os conflitos que envolvem o direito \u00e0 sa\u00fade.<\/p>\n<div class=\"col-sm-3 col-6\"><a class=\"hvr-grow magnific\" href=\"https:\/\/unimedcentrorondonia.coop.br\/noticias\/tj-ro-unimed-centro-rondonia-7_11-23-27.jpeg\" data-effect=\"mfp-zoom-out\"><img decoding=\"async\" data-src=\"https:\/\/unimedcentrorondonia.coop.br\/noticias_capa\/\/tj-ro-unimed-centro-rondonia-7_11-23-27.jpeg\" alt=\"\" src=\"data:image\/svg+xml;base64,PHN2ZyB3aWR0aD0iMSIgaGVpZ2h0PSIxIiB4bWxucz0iaHR0cDovL3d3dy53My5vcmcvMjAwMC9zdmciPjwvc3ZnPg==\" class=\"lazyload\" \/><\/a><\/div>\n<div class=\"col-sm-3 col-6\"><a class=\"hvr-grow magnific\" href=\"https:\/\/unimedcentrorondonia.coop.br\/noticias\/tj-ro-unimed-centro-rondonia-6_11-23-27.jpeg\" data-effect=\"mfp-zoom-out\"><img decoding=\"async\" data-src=\"https:\/\/unimedcentrorondonia.coop.br\/noticias_capa\/\/tj-ro-unimed-centro-rondonia-6_11-23-27.jpeg\" alt=\"\" src=\"data:image\/svg+xml;base64,PHN2ZyB3aWR0aD0iMSIgaGVpZ2h0PSIxIiB4bWxucz0iaHR0cDovL3d3dy53My5vcmcvMjAwMC9zdmciPjwvc3ZnPg==\" class=\"lazyload\" \/><\/a><\/div>\n<div class=\"col-sm-3 col-6\"><a class=\"hvr-grow magnific\" href=\"https:\/\/unimedcentrorondonia.coop.br\/noticias\/tj-ro-unimed-centro-rondonia-8_11-23-27.jpeg\" data-effect=\"mfp-zoom-out\"><img decoding=\"async\" data-src=\"https:\/\/unimedcentrorondonia.coop.br\/noticias_capa\/\/tj-ro-unimed-centro-rondonia-8_11-23-27.jpeg\" alt=\"\" src=\"data:image\/svg+xml;base64,PHN2ZyB3aWR0aD0iMSIgaGVpZ2h0PSIxIiB4bWxucz0iaHR0cDovL3d3dy53My5vcmcvMjAwMC9zdmciPjwvc3ZnPg==\" class=\"lazyload\" \/><\/a><\/div>\n<div class=\"col-sm-3 col-6\"><a class=\"hvr-grow magnific\" href=\"https:\/\/unimedcentrorondonia.coop.br\/noticias\/tj-ro-unimed-centro-rondonia-9_11-23-28.jpeg\" data-effect=\"mfp-zoom-out\"><img decoding=\"async\" data-src=\"https:\/\/unimedcentrorondonia.coop.br\/noticias_capa\/\/tj-ro-unimed-centro-rondonia-9_11-23-28.jpeg\" alt=\"\" src=\"data:image\/svg+xml;base64,PHN2ZyB3aWR0aD0iMSIgaGVpZ2h0PSIxIiB4bWxucz0iaHR0cDovL3d3dy53My5vcmcvMjAwMC9zdmciPjwvc3ZnPg==\" class=\"lazyload\" \/><\/a><\/div>\n<div class=\"col-sm-3 col-6\"><a class=\"hvr-grow magnific\" href=\"https:\/\/unimedcentrorondonia.coop.br\/noticias\/tj-ro-unimed-centro-rondonia-1_11-23-28.jpeg\" data-effect=\"mfp-zoom-out\"><img decoding=\"async\" data-src=\"https:\/\/unimedcentrorondonia.coop.br\/noticias_capa\/\/tj-ro-unimed-centro-rondonia-1_11-23-28.jpeg\" alt=\"\" src=\"data:image\/svg+xml;base64,PHN2ZyB3aWR0aD0iMSIgaGVpZ2h0PSIxIiB4bWxucz0iaHR0cDovL3d3dy53My5vcmcvMjAwMC9zdmciPjwvc3ZnPg==\" class=\"lazyload\" \/><\/a><\/div>\n<div class=\"col-sm-3 col-6\"><a class=\"hvr-grow magnific\" href=\"https:\/\/unimedcentrorondonia.coop.br\/noticias\/tj-ro-unimed-centro-rondonia-2_11-23-28.jpeg\" data-effect=\"mfp-zoom-out\"><img decoding=\"async\" data-src=\"https:\/\/unimedcentrorondonia.coop.br\/noticias_capa\/\/tj-ro-unimed-centro-rondonia-2_11-23-28.jpeg\" alt=\"\" src=\"data:image\/svg+xml;base64,PHN2ZyB3aWR0aD0iMSIgaGVpZ2h0PSIxIiB4bWxucz0iaHR0cDovL3d3dy53My5vcmcvMjAwMC9zdmciPjwvc3ZnPg==\" class=\"lazyload\" \/><\/a><\/div>\n<div class=\"col-sm-3 col-6\"><a class=\"hvr-grow magnific\" href=\"https:\/\/unimedcentrorondonia.coop.br\/noticias\/tj-ro-unimed-centro-rondonia-3_11-23-29.jpeg\" data-effect=\"mfp-zoom-out\"><img decoding=\"async\" data-src=\"https:\/\/unimedcentrorondonia.coop.br\/noticias_capa\/\/tj-ro-unimed-centro-rondonia-3_11-23-29.jpeg\" alt=\"\" src=\"data:image\/svg+xml;base64,PHN2ZyB3aWR0aD0iMSIgaGVpZ2h0PSIxIiB4bWxucz0iaHR0cDovL3d3dy53My5vcmcvMjAwMC9zdmciPjwvc3ZnPg==\" class=\"lazyload\" \/><\/a><\/div>\n<div class=\"col-sm-3 col-6\"><a class=\"hvr-grow magnific\" href=\"https:\/\/unimedcentrorondonia.coop.br\/noticias\/tj-ro-unimed-centro-rondonia-4_11-23-30.jpeg\" data-effect=\"mfp-zoom-out\"><img decoding=\"async\" data-src=\"https:\/\/unimedcentrorondonia.coop.br\/noticias_capa\/\/tj-ro-unimed-centro-rondonia-4_11-23-30.jpeg\" alt=\"\" src=\"data:image\/svg+xml;base64,PHN2ZyB3aWR0aD0iMSIgaGVpZ2h0PSIxIiB4bWxucz0iaHR0cDovL3d3dy53My5vcmcvMjAwMC9zdmciPjwvc3ZnPg==\" class=\"lazyload\" \/><\/a><\/div>\n<div class=\"col-sm-3 col-6\"><a class=\"hvr-grow magnific\" href=\"https:\/\/unimedcentrorondonia.coop.br\/noticias\/tj-ro-unimed-centro-rondonia-5_11-23-30.jpeg\" data-effect=\"mfp-zoom-out\"><img decoding=\"async\" data-src=\"https:\/\/unimedcentrorondonia.coop.br\/noticias_capa\/\/tj-ro-unimed-centro-rondonia-5_11-23-30.jpeg\" alt=\"\" src=\"data:image\/svg+xml;base64,PHN2ZyB3aWR0aD0iMSIgaGVpZ2h0PSIxIiB4bWxucz0iaHR0cDovL3d3dy53My5vcmcvMjAwMC9zdmciPjwvc3ZnPg==\" class=\"lazyload\" \/><\/a><\/div>\n<\/div>\n<div>\n<p>Fonte: Comunica\u00e7\u00e3o Unimed Centro Rond\u00f4nia<\/p>\n<p>&nbsp;<\/p>\n<\/div>\n","protected":false},"excerpt":{"rendered":"<div class=\"mh-excerpt\"><p>A assinatura do termo sela um compromisso entre o setor de sa\u00fade suplementar e o Poder Judici\u00e1rio de Rond\u00f4nia.<\/p>\n<\/div>","protected":false},"author":1,"featured_media":40438,"comment_status":"open","ping_status":"closed","sticky":false,"template":"","format":"standard","meta":{"footnotes":""},"categories":[9],"tags":[937,651,42,8635,174],"class_list":["post-40436","post","type-post","status-publish","format-standard","has-post-thumbnail","hentry","category-politica","tag-ro","tag-centro","tag-rondonia","tag-tj","tag-unimed"],"_links":{"self":[{"href":"https:\/\/folhaderondonianews.com\/news\/wp-json\/wp\/v2\/posts\/40436","targetHints":{"allow":["GET"]}}],"collection":[{"href":"https:\/\/folhaderondonianews.com\/news\/wp-json\/wp\/v2\/posts"}],"about":[{"href":"https:\/\/folhaderondonianews.com\/news\/wp-json\/wp\/v2\/types\/post"}],"author":[{"embeddable":true,"href":"https:\/\/folhaderondonianews.com\/news\/wp-json\/wp\/v2\/users\/1"}],"replies":[{"embeddable":true,"href":"https:\/\/folhaderondonianews.com\/news\/wp-json\/wp\/v2\/comments?post=40436"}],"version-history":[{"count":1,"href":"https:\/\/folhaderondonianews.com\/news\/wp-json\/wp\/v2\/posts\/40436\/revisions"}],"predecessor-version":[{"id":40439,"href":"https:\/\/folhaderondonianews.com\/news\/wp-json\/wp\/v2\/posts\/40436\/revisions\/40439"}],"wp:featuredmedia":[{"embeddable":true,"href":"https:\/\/folhaderondonianews.com\/news\/wp-json\/wp\/v2\/media\/40438"}],"wp:attachment":[{"href":"https:\/\/folhaderondonianews.com\/news\/wp-json\/wp\/v2\/media?parent=40436"}],"wp:term":[{"taxonomy":"category","embeddable":true,"href":"https:\/\/folhaderondonianews.com\/news\/wp-json\/wp\/v2\/categories?post=40436"},{"taxonomy":"post_tag","embeddable":true,"href":"https:\/\/folhaderondonianews.com\/news\/wp-json\/wp\/v2\/tags?post=40436"}],"curies":[{"name":"wp","href":"https:\/\/api.w.org\/{rel}","templated":true}]}}