{"id":40551,"date":"2025-09-23T10:42:23","date_gmt":"2025-09-23T14:42:23","guid":{"rendered":"https:\/\/folhaderondonianews.com\/news\/?p=40551"},"modified":"2025-09-23T10:43:21","modified_gmt":"2025-09-23T14:43:21","slug":"lula-diz-que-soberania-e-inegociavel-e-repudia-falsos-patriotas","status":"publish","type":"post","link":"https:\/\/folhaderondonianews.com\/news\/2025\/09\/23\/lula-diz-que-soberania-e-inegociavel-e-repudia-falsos-patriotas\/","title":{"rendered":"Lula diz que soberania \u00e9 inegoci\u00e1vel e repudia falsos patriotas"},"content":{"rendered":"<div class=\"header-noticia full-width\">\n<h2 class=\"linha-fina-noticia\">&#8220;Nossa democracia e nossa soberania s\u00e3o inegoci\u00e1veis&#8221;, afirmou.<\/h2>\n<p class=\"linha-fina-noticia\"><strong><span style=\"color: #ff0000;\">Paula Laboissi\u00e8re\/ABr &#8211;<\/span><\/strong> Durante discurso na abertura da Assembleia-Geral da Organiza\u00e7\u00e3o das Na\u00e7\u00f5es Unidas (ONU), o presidente Luiz In\u00e1cio Lula da Silva disse, nesta ter\u00e7a-feira (23), que n\u00e3o h\u00e1 justificativa para \u201cmedidas unilaterais e arbitr\u00e1rias\u201d direcionadas a institui\u00e7\u00f5es e \u00e0 economia brasileira. <img decoding=\"async\" data-src=\"https:\/\/agenciabrasil.ebc.com.br\/ebc.png?id=1659852&amp;o=node\" src=\"data:image\/svg+xml;base64,PHN2ZyB3aWR0aD0iMSIgaGVpZ2h0PSIxIiB4bWxucz0iaHR0cDovL3d3dy53My5vcmcvMjAwMC9zdmciPjwvc3ZnPg==\" class=\"lazyload\" \/><img decoding=\"async\" data-src=\"https:\/\/agenciabrasil.ebc.com.br\/ebc.gif?id=1659852&amp;o=node\" src=\"data:image\/svg+xml;base64,PHN2ZyB3aWR0aD0iMSIgaGVpZ2h0PSIxIiB4bWxucz0iaHR0cDovL3d3dy53My5vcmcvMjAwMC9zdmciPjwvc3ZnPg==\" class=\"lazyload\" \/><\/p>\n<blockquote><p>\u201cA agress\u00e3o contra a independ\u00eancia do Poder Judici\u00e1rio \u00e9 inaceit\u00e1vel. Essa inger\u00eancia em assuntos internos conta com o aux\u00edlio de uma extrema direita subserviente e saudosa de antigas hegemonias. Falsos patriotas arquitetam e promovem publicamente a\u00e7\u00f5es contra o Brasil. N\u00e3o h\u00e1 pacifica\u00e7\u00e3o com impunidade.\u201d<\/p><\/blockquote>\n<p>Em sua fala, Lula destacou que, pela primeira vez em 525 anos da hist\u00f3ria do Brasil, um ex-chefe de Estado foi condenado por atentar contra o Estado Democr\u00e1tico de Direito. \u201cFoi investigado, indiciado e julgado. Responsabilizado por seus atos em um processo minucioso. Teve amplo direito de defesa, prerrogativa que as ditaduras negam \u00e0s suas v\u00edtimas\u201d.<\/p>\n<p>\u201cDiante dos olhos do mundo, o Brasil deu um recado a todos os candidatos autocratas e \u00e0queles que os apoiam. Nossa democracia e nossa soberania s\u00e3o inegoci\u00e1veis. Seguiremos como na\u00e7\u00e3o independente e como povo livre de qualquer tipo de tutela. Democracias s\u00f3lidas v\u00e3o al\u00e9m do ritual eleitoral. Seu vigor pressup\u00f5e a redu\u00e7\u00e3o das desigualdades, a garantia dos direitos mais elementares.\u201d<\/p>\n<\/div>\n<div class=\"subheader\">\n<div class=\"container-autoria\"><\/div>\n<\/div>\n","protected":false},"excerpt":{"rendered":"<div class=\"mh-excerpt\"><p>&#8220;Nossa democracia e nossa soberania s\u00e3o inegoci\u00e1veis&#8221;, afirmou.<\/p>\n<\/div>","protected":false},"author":1,"featured_media":40553,"comment_status":"open","ping_status":"closed","sticky":false,"template":"","format":"standard","meta":{"footnotes":""},"categories":[9],"tags":[],"class_list":["post-40551","post","type-post","status-publish","format-standard","has-post-thumbnail","hentry","category-politica"],"_links":{"self":[{"href":"https:\/\/folhaderondonianews.com\/news\/wp-json\/wp\/v2\/posts\/40551","targetHints":{"allow":["GET"]}}],"collection":[{"href":"https:\/\/folhaderondonianews.com\/news\/wp-json\/wp\/v2\/posts"}],"about":[{"href":"https:\/\/folhaderondonianews.com\/news\/wp-json\/wp\/v2\/types\/post"}],"author":[{"embeddable":true,"href":"https:\/\/folhaderondonianews.com\/news\/wp-json\/wp\/v2\/users\/1"}],"replies":[{"embeddable":true,"href":"https:\/\/folhaderondonianews.com\/news\/wp-json\/wp\/v2\/comments?post=40551"}],"version-history":[{"count":1,"href":"https:\/\/folhaderondonianews.com\/news\/wp-json\/wp\/v2\/posts\/40551\/revisions"}],"predecessor-version":[{"id":40552,"href":"https:\/\/folhaderondonianews.com\/news\/wp-json\/wp\/v2\/posts\/40551\/revisions\/40552"}],"wp:featuredmedia":[{"embeddable":true,"href":"https:\/\/folhaderondonianews.com\/news\/wp-json\/wp\/v2\/media\/40553"}],"wp:attachment":[{"href":"https:\/\/folhaderondonianews.com\/news\/wp-json\/wp\/v2\/media?parent=40551"}],"wp:term":[{"taxonomy":"category","embeddable":true,"href":"https:\/\/folhaderondonianews.com\/news\/wp-json\/wp\/v2\/categories?post=40551"},{"taxonomy":"post_tag","embeddable":true,"href":"https:\/\/folhaderondonianews.com\/news\/wp-json\/wp\/v2\/tags?post=40551"}],"curies":[{"name":"wp","href":"https:\/\/api.w.org\/{rel}","templated":true}]}}