{"id":40906,"date":"2025-10-23T15:28:17","date_gmt":"2025-10-23T19:28:17","guid":{"rendered":"https:\/\/folhaderondonianews.com\/news\/?p=40906"},"modified":"2025-10-23T15:35:22","modified_gmt":"2025-10-23T19:35:22","slug":"ouro-preto-do-oeste-ganha-portal-novo-e-iluminacao-da-br","status":"publish","type":"post","link":"https:\/\/folhaderondonianews.com\/news\/2025\/10\/23\/ouro-preto-do-oeste-ganha-portal-novo-e-iluminacao-da-br\/","title":{"rendered":"Ouro Preto do Oeste ganha portal novo e ilumina\u00e7\u00e3o da BR"},"content":{"rendered":"<h2>Est\u00e2ncia Tur\u00edstica de Rond\u00f4nia se prepara para inaugurar ilumina\u00e7\u00e3o da BR-364 e novo portal da cidade antes do Natal.<\/h2>\n<p>Roberto Gutierrez &#8211; Ouro Preto do Oeste, localizada a 330 quil\u00f4metros de Porto Velho, est\u00e1 prestes a ganhar um novo cart\u00e3o-postal \u00e0s v\u00e9speras do Natal. O prefeito Alex Testoni deve inaugurar, ainda neste ano, a ilumina\u00e7\u00e3o p\u00fablica da BR-364 no per\u00edmetro urbano do munic\u00edpio, um projeto que promete melhorar a seguran\u00e7a e valorizar a entrada da cidade. <img decoding=\"async\" class=\"alignnone size-full wp-image-40907 lazyload\" data-src=\"https:\/\/folhaderondonianews.com\/news\/wp-content\/uploads\/2025\/10\/portal-ouro-preto.jpg\" alt=\"\" width=\"590\" height=\"310\" data-srcset=\"https:\/\/folhaderondonianews.com\/news\/wp-content\/uploads\/2025\/10\/portal-ouro-preto.jpg 590w, https:\/\/folhaderondonianews.com\/news\/wp-content\/uploads\/2025\/10\/portal-ouro-preto-300x158.jpg 300w\" data-sizes=\"(max-width: 590px) 100vw, 590px\" src=\"data:image\/svg+xml;base64,PHN2ZyB3aWR0aD0iMSIgaGVpZ2h0PSIxIiB4bWxucz0iaHR0cDovL3d3dy53My5vcmcvMjAwMC9zdmciPjwvc3ZnPg==\" style=\"--smush-placeholder-width: 590px; --smush-placeholder-aspect-ratio: 590\/310;\" \/>A obra contempla seis quil\u00f4metros de extens\u00e3o com moderna ilumina\u00e7\u00e3o em LED, representando um investimento de pouco mais de R$ 5 milh\u00f5es. Os recursos s\u00e3o oriundos de emenda parlamentar do deputado federal L\u00facio Mosquini, viabilizada por meio do programa Calha Norte, do Governo Federal. Al\u00e9m da nova ilumina\u00e7\u00e3o, o evento marcar\u00e1 tamb\u00e9m a entrega do portal revitalizado de Ouro Preto do Oeste. O monumento, que d\u00e1 boas-vindas a quem chega pela rodovia, passou por reformas e melhorias estruturais, em um investimento superior a R$ 101 mil.\u00a0 Com as obras, a administra\u00e7\u00e3o municipal refor\u00e7a o t\u00edtulo de Est\u00e2ncia Tur\u00edstica de Rond\u00f4nia, preparando a cidade para receber moradores e visitantes com uma nova identidade visual e mais infraestrutura urbana.<\/p>\n<blockquote class=\"tiktok-embed\" style=\"max-width: 605px; min-width: 325px;\" cite=\"https:\/\/www.tiktok.com\/@robertogutierrezd07\/video\/7564500023782804756\" data-video-id=\"7564500023782804756\">\n<section><a title=\"@robertogutierrezd07\" href=\"https:\/\/www.tiktok.com\/@robertogutierrezd07?refer=embed\" target=\"_blank\" rel=\"noopener\">@robertogutierrezd07<\/a> <a title=\"ouropretodooeste\" href=\"https:\/\/www.tiktok.com\/tag\/ouropretodooeste?refer=embed\" target=\"_blank\" rel=\"noopener\">#ouropretodooeste<\/a> se prepara para inaugurar ilumina\u00e7\u00e3o da br-364 e novo portal da cidade antes do <a title=\"natal\" href=\"https:\/\/www.tiktok.com\/tag\/natal?refer=embed\" target=\"_blank\" rel=\"noopener\">#Natal<\/a> <a title=\"\u266c som original - Roberto Gutierrez\" href=\"https:\/\/www.tiktok.com\/music\/som-original-7564500080842099473?refer=embed\" target=\"_blank\" rel=\"noopener\">\u266c som original &#8211; Roberto Gutierrez<\/a><\/section>\n<\/blockquote>\n<p><script async src=\"https:\/\/www.tiktok.com\/embed.js\"><\/script><\/p>\n","protected":false},"excerpt":{"rendered":"<div class=\"mh-excerpt\"><p>Est\u00e2ncia Tur\u00edstica de Rond\u00f4nia se prepara para inaugurar ilumina\u00e7\u00e3o da BR-364 e novo portal da cidade antes do Natal.<\/p>\n<\/div>","protected":false},"author":1,"featured_media":40913,"comment_status":"open","ping_status":"closed","sticky":false,"template":"","format":"standard","meta":{"footnotes":""},"categories":[9],"tags":[1359,1038],"class_list":["post-40906","post","type-post","status-publish","format-standard","has-post-thumbnail","hentry","category-politica","tag-alex-testoni","tag-ouro-preto-do-oeste"],"_links":{"self":[{"href":"https:\/\/folhaderondonianews.com\/news\/wp-json\/wp\/v2\/posts\/40906","targetHints":{"allow":["GET"]}}],"collection":[{"href":"https:\/\/folhaderondonianews.com\/news\/wp-json\/wp\/v2\/posts"}],"about":[{"href":"https:\/\/folhaderondonianews.com\/news\/wp-json\/wp\/v2\/types\/post"}],"author":[{"embeddable":true,"href":"https:\/\/folhaderondonianews.com\/news\/wp-json\/wp\/v2\/users\/1"}],"replies":[{"embeddable":true,"href":"https:\/\/folhaderondonianews.com\/news\/wp-json\/wp\/v2\/comments?post=40906"}],"version-history":[{"count":6,"href":"https:\/\/folhaderondonianews.com\/news\/wp-json\/wp\/v2\/posts\/40906\/revisions"}],"predecessor-version":[{"id":40914,"href":"https:\/\/folhaderondonianews.com\/news\/wp-json\/wp\/v2\/posts\/40906\/revisions\/40914"}],"wp:featuredmedia":[{"embeddable":true,"href":"https:\/\/folhaderondonianews.com\/news\/wp-json\/wp\/v2\/media\/40913"}],"wp:attachment":[{"href":"https:\/\/folhaderondonianews.com\/news\/wp-json\/wp\/v2\/media?parent=40906"}],"wp:term":[{"taxonomy":"category","embeddable":true,"href":"https:\/\/folhaderondonianews.com\/news\/wp-json\/wp\/v2\/categories?post=40906"},{"taxonomy":"post_tag","embeddable":true,"href":"https:\/\/folhaderondonianews.com\/news\/wp-json\/wp\/v2\/tags?post=40906"}],"curies":[{"name":"wp","href":"https:\/\/api.w.org\/{rel}","templated":true}]}}