{"id":40929,"date":"2025-10-27T06:52:45","date_gmt":"2025-10-27T10:52:45","guid":{"rendered":"https:\/\/folhaderondonianews.com\/news\/?p=40929"},"modified":"2025-10-27T06:52:45","modified_gmt":"2025-10-27T10:52:45","slug":"lula-aposta-em-solucao-definitiva-entre-eua-e-brasil","status":"publish","type":"post","link":"https:\/\/folhaderondonianews.com\/news\/2025\/10\/27\/lula-aposta-em-solucao-definitiva-entre-eua-e-brasil\/","title":{"rendered":"Lula aposta em solu\u00e7\u00e3o definitiva entre EUA e Brasil"},"content":{"rendered":"<div class=\"header-noticia full-width\">\n<h2 class=\"linha-fina-noticia\">Lula se diz otimista sobre suspens\u00e3o de tarifas dos EUA e prev\u00ea acordo \u201cem poucos dias\u201d.<\/h2>\n<div><\/div>\n<\/div>\n<div class=\"subheader\">\n<div class=\"container-autoria\">\n<p>Da reda\u00e7\u00e3o F \u2013 O presidente Luiz In\u00e1cio Lula da Silva afirmou nesta segunda-feira (27) estar otimista quanto \u00e0 suspens\u00e3o das tarifas impostas pelos Estados Unidos ao Brasil. Segundo ele, os dois pa\u00edses devem chegar a um acordo \u201cem poucos dias\u201d.<\/p>\n<p>\u201cTive ontem, na reuni\u00e3o [com o presidente Donald Trump], uma boa impress\u00e3o de que, logo, logo, n\u00e3o haver\u00e1 problema entre Estados Unidos e Brasil\u201d, declarou Lula, durante coletiva de imprensa realizada em Kuala Lumpur, \u00e0s 11h (meia-noite no hor\u00e1rio de Bras\u00edlia).<\/p>\n<p>O presidente acrescentou que confia em uma solu\u00e7\u00e3o definitiva e fez refer\u00eancia \u00e0 m\u00fasica de Gonzaguinha:<br \/>\n\u201cEstou convencido de que, em poucos dias, teremos uma solu\u00e7\u00e3o definitiva entre Estados Unidos e Brasil, para que a vida siga boa e alegre, do jeito que dizia o Gonzaguinha.\u201d<\/p>\n<p>Argumentos comerciais<\/p>\n<p>Durante o encontro com Trump, Lula afirmou ter refor\u00e7ado que os Estados Unidos mant\u00eam super\u00e1vit comercial com o Brasil, o que, segundo ele, torna injustific\u00e1vel a taxa\u00e7\u00e3o dos produtos brasileiros. O presidente disse ainda ter entregue um documento com os temas priorit\u00e1rios das negocia\u00e7\u00f5es.<\/p>\n<p>\u201cN\u00e3o estou reivindicando nada que n\u00e3o seja justo para o Brasil. Tenho do meu lado a verdade mais verdadeira: os Estados Unidos n\u00e3o t\u00eam d\u00e9ficit com o Brasil. E essa foi a justificativa usada para a famosa taxa\u00e7\u00e3o \u2014 aplicar tarifas apenas aos pa\u00edses com os quais houvesse d\u00e9ficit comercial\u201d, explicou.<\/p>\n<p>Questionado por jornalistas se Trump teria feito alguma promessa ao Brasil, Lula respondeu em tom de brincadeira:<br \/>\n\u201cEu n\u00e3o sou santo para receber promessas. O que ele tem que fazer \u00e9 compromisso. E o compromisso que ele fez \u00e9 de buscar um acordo de muita boa qualidade com o Brasil.\u201d<\/p>\n<p>Pr\u00f3ximos passos<\/p>\n<p>O ministro das Rela\u00e7\u00f5es Exteriores, Mauro Vieira, informou que as equipes t\u00e9cnicas dos dois pa\u00edses se reunir\u00e3o nas pr\u00f3ximas semanas para definir um cronograma de negocia\u00e7\u00f5es.<\/p>\n<p>\u201cConcordamos em trabalhar na constru\u00e7\u00e3o de um acordo satisfat\u00f3rio para ambas as partes. Nas pr\u00f3ximas semanas, haver\u00e1 reuni\u00f5es das equipes negociadoras, com foco nos setores mais afetados pelas tarifas\u201d, afirmou o chanceler.<\/p>\n<p>O secret\u00e1rio-executivo do Minist\u00e9rio do Desenvolvimento, Ind\u00fastria, Com\u00e9rcio e Servi\u00e7os, M\u00e1rcio Rosa, tamb\u00e9m destacou o avan\u00e7o das tratativas.<br \/>\n\u201cAs discuss\u00f5es est\u00e3o avan\u00e7ando espetacularmente bem. O Brasil solicita a revers\u00e3o da decis\u00e3o pol\u00edtica sobre a taxa\u00e7\u00e3o. Hoje tratamos de um acordo estritamente comercial, sem interfer\u00eancias pol\u00edticas que nunca deveriam ter estado na mesa\u201d, disse.<\/p>\n<p>Venezuela e COP30<\/p>\n<p>Durante o encontro, Lula tamb\u00e9m se colocou \u00e0 disposi\u00e7\u00e3o para ajudar nas negocia\u00e7\u00f5es envolvendo a Venezuela.<br \/>\n\u201cIsso ficou muito claro: se precisar que o Brasil ajude, estamos \u00e0 disposi\u00e7\u00e3o para negociar. O Brasil n\u00e3o tem interesse em ver uma guerra na Am\u00e9rica do Sul. Nossa guerra \u00e9 contra a pobreza e a fome. Se n\u00e3o conseguirmos resolver a fome e a mis\u00e9ria, como vamos fazer guerra? Para matar os famintos?\u201d, questionou.<\/p>\n<p>Lula aproveitou para refor\u00e7ar o convite a Trump para participar da 30\u00aa Confer\u00eancia das Na\u00e7\u00f5es Unidas sobre Mudan\u00e7as Clim\u00e1ticas (COP30), que ser\u00e1 realizada em novembro, em Bel\u00e9m (PA).<br \/>\n\u201cConvidei ele para ir \u00e0 COP. Disse: \u2018\u00c9 importante que voc\u00ea v\u00e1 para dizer o que pensa. Se n\u00e3o acredita, v\u00e1 l\u00e1 para expressar isso. N\u00e3o podemos fingir que n\u00e3o existe uma crise clim\u00e1tica\u2019.\u201d<\/p>\n<p>Expans\u00e3o de parcerias na \u00c1sia<\/p>\n<p>A comitiva brasileira tamb\u00e9m destacou a relev\u00e2ncia das visitas oficiais \u00e0 Indon\u00e9sia e \u00e0 Mal\u00e1sia, pa\u00edses com os quais o Brasil busca estreitar la\u00e7os comerciais.<br \/>\n\u201cO Sudeste Asi\u00e1tico \u00e9 o epicentro do crescimento global, uma zona din\u00e2mica e polo de inova\u00e7\u00e3o tecnol\u00f3gica. Essa regi\u00e3o est\u00e1 no centro das prioridades da pol\u00edtica externa brasileira de diversifica\u00e7\u00e3o de parcerias e atra\u00e7\u00e3o de investimentos\u201d, afirmou Mauro Vieira.<\/p>\n<p>Lula anunciou ainda o apoio do Brasil \u00e0 candidatura da Mal\u00e1sia para se tornar membro pleno do Brics. Atualmente, o pa\u00eds \u00e9 parceiro do grupo.<\/p>\n<p>O presidente, que completa 80 anos nesta segunda-feira, encerrou a entrevista de forma pessoal e descontra\u00edda:<br \/>\n\u201cEstou no melhor momento da minha vida. Nunca me senti t\u00e3o vivo e com tanta vontade de viver.\u201d<\/p>\n<\/div>\n<\/div>\n","protected":false},"excerpt":{"rendered":"<div class=\"mh-excerpt\"><p>Lula se diz otimista sobre suspens\u00e3o de tarifas dos EUA e prev\u00ea acordo \u201cem poucos dias\u201d. Da reda\u00e7\u00e3o F \u2013 O presidente Luiz In\u00e1cio Lula <a class=\"mh-excerpt-more\" href=\"https:\/\/folhaderondonianews.com\/news\/2025\/10\/27\/lula-aposta-em-solucao-definitiva-entre-eua-e-brasil\/\" title=\"Lula aposta em solu\u00e7\u00e3o definitiva entre EUA e Brasil\">[&#8230;]<\/a><\/p>\n<\/div>","protected":false},"author":1,"featured_media":40930,"comment_status":"open","ping_status":"closed","sticky":false,"template":"","format":"standard","meta":{"footnotes":""},"categories":[9],"tags":[],"class_list":["post-40929","post","type-post","status-publish","format-standard","has-post-thumbnail","hentry","category-politica"],"_links":{"self":[{"href":"https:\/\/folhaderondonianews.com\/news\/wp-json\/wp\/v2\/posts\/40929","targetHints":{"allow":["GET"]}}],"collection":[{"href":"https:\/\/folhaderondonianews.com\/news\/wp-json\/wp\/v2\/posts"}],"about":[{"href":"https:\/\/folhaderondonianews.com\/news\/wp-json\/wp\/v2\/types\/post"}],"author":[{"embeddable":true,"href":"https:\/\/folhaderondonianews.com\/news\/wp-json\/wp\/v2\/users\/1"}],"replies":[{"embeddable":true,"href":"https:\/\/folhaderondonianews.com\/news\/wp-json\/wp\/v2\/comments?post=40929"}],"version-history":[{"count":1,"href":"https:\/\/folhaderondonianews.com\/news\/wp-json\/wp\/v2\/posts\/40929\/revisions"}],"predecessor-version":[{"id":40931,"href":"https:\/\/folhaderondonianews.com\/news\/wp-json\/wp\/v2\/posts\/40929\/revisions\/40931"}],"wp:featuredmedia":[{"embeddable":true,"href":"https:\/\/folhaderondonianews.com\/news\/wp-json\/wp\/v2\/media\/40930"}],"wp:attachment":[{"href":"https:\/\/folhaderondonianews.com\/news\/wp-json\/wp\/v2\/media?parent=40929"}],"wp:term":[{"taxonomy":"category","embeddable":true,"href":"https:\/\/folhaderondonianews.com\/news\/wp-json\/wp\/v2\/categories?post=40929"},{"taxonomy":"post_tag","embeddable":true,"href":"https:\/\/folhaderondonianews.com\/news\/wp-json\/wp\/v2\/tags?post=40929"}],"curies":[{"name":"wp","href":"https:\/\/api.w.org\/{rel}","templated":true}]}}