{"id":40932,"date":"2025-10-27T09:16:24","date_gmt":"2025-10-27T13:16:24","guid":{"rendered":"https:\/\/folhaderondonianews.com\/news\/?p=40932"},"modified":"2025-10-27T09:16:24","modified_gmt":"2025-10-27T13:16:24","slug":"com-embargos-de-declaracao-o-triste-anuncio-do-fim-de-uma-era","status":"publish","type":"post","link":"https:\/\/folhaderondonianews.com\/news\/2025\/10\/27\/com-embargos-de-declaracao-o-triste-anuncio-do-fim-de-uma-era\/","title":{"rendered":"Com Embargos de declara\u00e7\u00e3o, o triste an\u00fancio do fim de uma era"},"content":{"rendered":"<h2>Se no campo jur\u00eddico oferece apenas sopros de esperan\u00e7a, o pol\u00edtico parece fechado para Jair Bolsonaro.<\/h2>\n<p><strong>*Roberto Gutierrez<\/strong>\u00a0 \u00a0&#8211; Nesta fase final do processo judicial, Jair Bolsonaro volta ao centro da aten\u00e7\u00e3o \u2014 e n\u00e3o por for\u00e7a pr\u00f3pria. Seus advogados apresentam agora os embargos de declara\u00e7\u00e3o contra a senten\u00e7a que o condenou a 27 anos de pris\u00e3o, um recurso que marca o pen\u00faltimo cap\u00edtulo de um ciclo que parecia infinito.<\/p>\n<p>&nbsp;<\/p>\n<h3>\u00daltima cartada<\/h3>\n<p>A defesa questionar\u00e1 o que considera \u201ccontradi\u00e7\u00f5es\u201d no julgamento: a condena\u00e7\u00e3o pelos atos de 8 de janeiro, mesmo sem provas diretas de sua participa\u00e7\u00e3o, e a inclus\u00e3o do chamado \u201cplano da morte\u201d contra Lula e Alexandre de Moraes, sem qualquer ordem expl\u00edcita do ex-presidente.<\/p>\n<p>N\u00e3o se trata de uma esperan\u00e7a real de revers\u00e3o: o movimento \u00e9 t\u00e9cnico e estrat\u00e9gico, tentando diminuir a pena e prolongar a narrativa, mantendo Bolsonaro ativo nos tribunais e na m\u00eddia.<\/p>\n<p>&nbsp;<\/p>\n<h3>Decl\u00ednio pol\u00edtico<\/h3>\n<p>Enquanto isso, no Congresso, o ex-presidente Jair Bolsonaro v\u00ea seu capital pol\u00edtico minguar. Aliados que antes eram pilares de seu projeto, como figuras pr\u00f3ximas a Eduardo Bolsonaro, j\u00e1 se aproximam de Lula ou mant\u00eam dist\u00e2ncia do bolsonarismo. O bloco que carregava seu discurso de poder perde coes\u00e3o e for\u00e7a, mostrando que a m\u00e1quina pol\u00edtica n\u00e3o acompanha mais o l\u00edder.<\/p>\n<p>&nbsp;<\/p>\n<h3>Desmoronamento<\/h3>\n<p>Os setores da pol\u00edtica e da defesa que poderiam oferecer algum al\u00edvio j\u00e1 n\u00e3o t\u00eam influ\u00eancia: a sensa\u00e7\u00e3o \u00e9 de um isolamento estrat\u00e9gico completo. Sem articula\u00e7\u00f5es no Congresso, sem apoios externos e com aliados em retirada, Bolsonaro atravessa o que se poderia chamar de o pior momento pol\u00edtico de sua vida.<\/p>\n<p>&nbsp;<\/p>\n<h3>Peso emocional da derrota<\/h3>\n<p>Quem \u00a0visita Bolsonaro \u00a0relata abalo psicol\u00f3gico intenso. Fisicamente recuperado das crises anteriores \u2014 que chegaram a causar n\u00e1useas durante visitas \u2014, Bolsonaro enfrenta a percep\u00e7\u00e3o da pr\u00f3pria irrelev\u00e2ncia. A expectativa de uma candidatura em 2026, que antes mobilizava seguidores e aliados, hoje se mostra remota e quase simb\u00f3lica, um \u201csonho de uma noite de ver\u00e3o\u201d.<\/p>\n<p>&nbsp;<\/p>\n<h3>Pesadelo<\/h3>\n<p>A narrativa do ex-presidente, centrada na fidelidade de sua base e no combate ao sistema, sofre com a realidade concreta: nem tribunais, nem Congresso, nem aliados oferecem sa\u00edda real.<\/p>\n<p>&nbsp;<\/p>\n<h3>Fim de um ciclo<\/h3>\n<p>Os embargos de declara\u00e7\u00e3o apresentados s\u00e3o apenas um ato formal em um processo que simboliza o fim de sua trajet\u00f3ria pol\u00edtica. O ex-presidente chega a este ponto cercado por fi\u00e9is, mas cada vez mais distante do poder real.<\/p>\n<p>&nbsp;<\/p>\n<h3>Fato<\/h3>\n<p>Se h\u00e1 algum aprendizado nesta fase final, \u00e9 que a pol\u00edtica e o tempo s\u00e3o implac\u00e1veis: popularidade n\u00e3o se confunde com impunidade, e alian\u00e7as podem evaporar rapidamente quando n\u00e3o h\u00e1 mais for\u00e7a institucional para sustent\u00e1-las.<\/p>\n<p>&nbsp;<\/p>\n<h3>Moribundo pol\u00edtico<\/h3>\n<p>Bolsonaro atravessa agora uma reta final marcada por isolamento e derrota, um cap\u00edtulo que registra n\u00e3o apenas o fim de um ciclo pol\u00edtico, mas tamb\u00e9m o peso emocional e humano de um l\u00edder que viu seu mundo desmoronar.<\/p>\n<p>&nbsp;<\/p>\n<p><strong>*Roberto Gutierrez<\/strong>\u00a0\u00e9 jornalista. Na comunica\u00e7\u00e3o desde outubro de 1976, passou por todas as m\u00eddias e h\u00e1 quase tr\u00eas d\u00e9cadas \u00e9 editorialista e analista pol\u00edtico.<\/p>\n","protected":false},"excerpt":{"rendered":"<div class=\"mh-excerpt\"><p>Se no campo jur\u00eddico oferece apenas sopros de esperan\u00e7a, o pol\u00edtico parece fechado para Jair Bolsonaro.<\/p>\n<\/div>","protected":false},"author":1,"featured_media":40933,"comment_status":"open","ping_status":"closed","sticky":false,"template":"","format":"standard","meta":{"footnotes":""},"categories":[8],"tags":[546],"class_list":["post-40932","post","type-post","status-publish","format-standard","has-post-thumbnail","hentry","category-coluna-do-gutierrez","tag-bolsonaro"],"_links":{"self":[{"href":"https:\/\/folhaderondonianews.com\/news\/wp-json\/wp\/v2\/posts\/40932","targetHints":{"allow":["GET"]}}],"collection":[{"href":"https:\/\/folhaderondonianews.com\/news\/wp-json\/wp\/v2\/posts"}],"about":[{"href":"https:\/\/folhaderondonianews.com\/news\/wp-json\/wp\/v2\/types\/post"}],"author":[{"embeddable":true,"href":"https:\/\/folhaderondonianews.com\/news\/wp-json\/wp\/v2\/users\/1"}],"replies":[{"embeddable":true,"href":"https:\/\/folhaderondonianews.com\/news\/wp-json\/wp\/v2\/comments?post=40932"}],"version-history":[{"count":1,"href":"https:\/\/folhaderondonianews.com\/news\/wp-json\/wp\/v2\/posts\/40932\/revisions"}],"predecessor-version":[{"id":40934,"href":"https:\/\/folhaderondonianews.com\/news\/wp-json\/wp\/v2\/posts\/40932\/revisions\/40934"}],"wp:featuredmedia":[{"embeddable":true,"href":"https:\/\/folhaderondonianews.com\/news\/wp-json\/wp\/v2\/media\/40933"}],"wp:attachment":[{"href":"https:\/\/folhaderondonianews.com\/news\/wp-json\/wp\/v2\/media?parent=40932"}],"wp:term":[{"taxonomy":"category","embeddable":true,"href":"https:\/\/folhaderondonianews.com\/news\/wp-json\/wp\/v2\/categories?post=40932"},{"taxonomy":"post_tag","embeddable":true,"href":"https:\/\/folhaderondonianews.com\/news\/wp-json\/wp\/v2\/tags?post=40932"}],"curies":[{"name":"wp","href":"https:\/\/api.w.org\/{rel}","templated":true}]}}