{"id":41228,"date":"2025-12-09T19:48:58","date_gmt":"2025-12-09T23:48:58","guid":{"rendered":"https:\/\/folhaderondonianews.com\/news\/?p=41228"},"modified":"2025-12-10T08:08:57","modified_gmt":"2025-12-10T12:08:57","slug":"dosimetria-quando-a-lei-protege-menos-do-que-deveria","status":"publish","type":"post","link":"https:\/\/folhaderondonianews.com\/news\/2025\/12\/09\/dosimetria-quando-a-lei-protege-menos-do-que-deveria\/","title":{"rendered":"&#8220;Dosimetria&#8221; &#8211; Quando a lei protege menos do que deveria"},"content":{"rendered":"<h2>A Constitui\u00e7\u00e3o n\u00e3o aceita s\u00f3 o excesso do Estado, tamb\u00e9m rejeita quando ele falha em defender a democracia. A an\u00e1lise \u00e9 de\u00a0 Roberto Gutierrez quanto \u00e0 dosimetria.<\/h2>\n<p>&nbsp;<\/p>\n<p><span style=\"color: #ff0000;\"><strong>Roberto Gutierrez<\/strong><\/span> &#8211; Quando a gente fala em Constitui\u00e7\u00e3o, quase sempre pensa na ideia de que o Estado n\u00e3o pode exagerar, n\u00e3o pode prender demais, punir demais, invadir liberdades. Isso existe, \u00e9 real, e se chama <strong>proibi\u00e7\u00e3o de excesso<\/strong>.<br \/>\nMas pouca gente sabe que existe <strong>o lado oposto da moeda<\/strong>: a <strong>proibi\u00e7\u00e3o da prote\u00e7\u00e3o deficiente<\/strong>.<\/p>\n<h3>E o que isso quer dizer?<\/h3>\n<p>Quer dizer que o Estado <strong>n\u00e3o pode proteger de menos<\/strong>. Ele tem o dever de defender a sociedade, a democracia, as institui\u00e7\u00f5es, e n\u00e3o pode deixar esses valores desamparados.<\/p>\n<p><strong>Por exemplo:<\/strong> se uma lei nova facilita demais a vida de quem atacou a democracia, reduzindo penas ou flexibilizando regras que antes eram firmes, pode surgir um problema. N\u00e3o porque algu\u00e9m \u00e9 \u201cbonzinho\u201d ou \u201cmalvado\u201d, mas porque a Constitui\u00e7\u00e3o <strong>obriga<\/strong> o Estado a proteger o regime democr\u00e1tico de maneira eficaz.<\/p>\n<p>Se a prote\u00e7\u00e3o fica fraca demais, surge uma suspeita jur\u00eddica s\u00e9ria: o Estado estaria falhando na sua obriga\u00e7\u00e3o constitucional.<\/p>\n<p><strong>\u00c9 isso que chamamos de prote\u00e7\u00e3o deficiente<\/strong>.<\/p>\n<p><strong>N\u00e3o \u00e9 opini\u00e3o pol\u00edtica minha<\/strong>, \u00e9 um princ\u00edpio jur\u00eddico reconhecido h\u00e1 anos no STF. Ele vale para proteger o meio ambiente, para combater viol\u00eancia dom\u00e9stica, para defender minorias e, claro, para <strong>garantir que a democracia n\u00e3o seja destru\u00edda por dentro<\/strong>.<\/p>\n<p>&nbsp;<\/p>\n<p>Ent\u00e3o, quando se discute no Congresso Nacional se a nova lei da dosimetria vai ou n\u00e3o beneficiar pessoas envolvidas em ataques \u00e0 ordem democr\u00e1tica, o debate n\u00e3o \u00e9 s\u00f3 sobre \u201cser brando\u201d ou \u201cser r\u00edgido\u201d.<\/p>\n<h3>Vulnerabilidade<\/h3>\n<p>O debate real \u00e9: <strong>essa mudan\u00e7a deixa a sociedade mais vulner\u00e1vel? Enfraquece a prote\u00e7\u00e3o da democracia? Afrouxa a resposta do Estado a crimes que colocam o pa\u00eds em risco?<\/strong><\/p>\n<p>&nbsp;<\/p>\n<p>Se a resposta for \u201csim\u201d, a\u00ed existe, sim, um poss\u00edvel <strong>problema de inconstitucionalidade<\/strong>, porque a Constitui\u00e7\u00e3o n\u00e3o aceita nem o excesso, nem a insufici\u00eancia. Ela pede equil\u00edbrio, mas jamais tolera a omiss\u00e3o.<\/p>\n<p>Isso \u00e9 a proibi\u00e7\u00e3o da prote\u00e7\u00e3o deficiente em palavras simples. E \u00e9 por isso que o tema n\u00e3o \u00e9 s\u00f3 jur\u00eddico: \u00e9 profundamente pol\u00edtico e institucional.<\/p>\n<p><strong>\u00a0Mist\u00e9rio<\/strong><\/p>\n<p>Francamente, n\u00e3o sei se o Supremo Tribunal Federal ter\u00e1 disposi\u00e7\u00e3o para debater isso, mas, se o fizer, a Lei da Dosimetria, se for aprovada <strong>com<\/strong>o ontem \u00e0 noite estava sendo colocada para vota\u00e7\u00e3o, nasce comum p\u00e9 na inconstitucionalidade.<\/p>\n<p><strong>\u201cRoberto Gutierrez<\/strong>\u00a0\u00e9 jornalista. Na comunica\u00e7\u00e3o desde outubro de 1976, passou por todas as m\u00eddias e h\u00e1 quase tr\u00eas d\u00e9cadas \u00e9 editorialista e analista pol\u00edtico.\u201d<\/p>\n","protected":false},"excerpt":{"rendered":"<div class=\"mh-excerpt\"><p>A Constitui\u00e7\u00e3o n\u00e3o aceita s\u00f3 o excesso do Estado, tamb\u00e9m rejeita quando ele falha em defender a democracia. A an\u00e1lise \u00e9 de\u00a0 Roberto Gutierrez quanto \u00e0 dosimetria.<\/p>\n<\/div>","protected":false},"author":1,"featured_media":41229,"comment_status":"open","ping_status":"closed","sticky":false,"template":"","format":"standard","meta":{"footnotes":""},"categories":[8],"tags":[8777,1493],"class_list":["post-41228","post","type-post","status-publish","format-standard","has-post-thumbnail","hentry","category-coluna-do-gutierrez","tag-dosimetria","tag-roberto-gutierrez"],"_links":{"self":[{"href":"https:\/\/folhaderondonianews.com\/news\/wp-json\/wp\/v2\/posts\/41228","targetHints":{"allow":["GET"]}}],"collection":[{"href":"https:\/\/folhaderondonianews.com\/news\/wp-json\/wp\/v2\/posts"}],"about":[{"href":"https:\/\/folhaderondonianews.com\/news\/wp-json\/wp\/v2\/types\/post"}],"author":[{"embeddable":true,"href":"https:\/\/folhaderondonianews.com\/news\/wp-json\/wp\/v2\/users\/1"}],"replies":[{"embeddable":true,"href":"https:\/\/folhaderondonianews.com\/news\/wp-json\/wp\/v2\/comments?post=41228"}],"version-history":[{"count":2,"href":"https:\/\/folhaderondonianews.com\/news\/wp-json\/wp\/v2\/posts\/41228\/revisions"}],"predecessor-version":[{"id":41232,"href":"https:\/\/folhaderondonianews.com\/news\/wp-json\/wp\/v2\/posts\/41228\/revisions\/41232"}],"wp:featuredmedia":[{"embeddable":true,"href":"https:\/\/folhaderondonianews.com\/news\/wp-json\/wp\/v2\/media\/41229"}],"wp:attachment":[{"href":"https:\/\/folhaderondonianews.com\/news\/wp-json\/wp\/v2\/media?parent=41228"}],"wp:term":[{"taxonomy":"category","embeddable":true,"href":"https:\/\/folhaderondonianews.com\/news\/wp-json\/wp\/v2\/categories?post=41228"},{"taxonomy":"post_tag","embeddable":true,"href":"https:\/\/folhaderondonianews.com\/news\/wp-json\/wp\/v2\/tags?post=41228"}],"curies":[{"name":"wp","href":"https:\/\/api.w.org\/{rel}","templated":true}]}}