{"id":41321,"date":"2026-01-27T08:43:34","date_gmt":"2026-01-27T12:43:34","guid":{"rendered":"https:\/\/folhaderondonianews.com\/news\/?p=41321"},"modified":"2026-01-27T08:48:12","modified_gmt":"2026-01-27T12:48:12","slug":"amir-lando-ve-cenario-favoravel-para-sua-volta-a-politica","status":"publish","type":"post","link":"https:\/\/folhaderondonianews.com\/news\/2026\/01\/27\/amir-lando-ve-cenario-favoravel-para-sua-volta-a-politica\/","title":{"rendered":"Amir Lando v\u00ea cen\u00e1rio favor\u00e1vel para sua volta \u00e0 pol\u00edtica"},"content":{"rendered":"<h2>Desencanto com a atual representa\u00e7\u00e3o reacende a lembran\u00e7a de Amir Lando, protagonista do impeachment de Collor e nome que come\u00e7a a ser citado no xadrez eleitoral de 2026 em Rond\u00f4nia.<\/h2>\n<p>&nbsp;<\/p>\n<p><strong>Roberto Gutierrez<\/strong> &#8211; O descontentamento e a indigna\u00e7\u00e3o de parcela expressiva do eleitorado com a maior parte da classe pol\u00edtica de Rond\u00f4nia, em especial com a bancada federal, reacendem um sentimento de nostalgia em rela\u00e7\u00e3o a lideran\u00e7as que, no passado, representaram o estado acima da m\u00e9dia. \u00c9 nesse contexto que o nome do ex-senador <strong>Amir Lando<\/strong> volta a circular com mais intensidade nos bastidores, impulsionado pela leitura de que <strong>2026 tende a ser uma elei\u00e7\u00e3o de julgamento da atual representa\u00e7\u00e3o<\/strong>.<\/p>\n<p>Lembrado de forma majoritariamente positiva por seu papel decisivo no processo de impeachment de <strong>Fernando Collor de Mello<\/strong>, do qual foi um dos protagonistas, Amir passa a ser citado como alternativa por setores que defendem experi\u00eancia, densidade pol\u00edtica e hist\u00f3rico institucional num cen\u00e1rio marcado pelo desgaste generalizado.<\/p>\n<p>Em conversa com o jornalista <strong>Roberto Gutierrez<\/strong>, Amir afirmou estar quase 100% recuperado de um imprevisto de sa\u00fade e disse que n\u00e3o medir\u00e1 esfor\u00e7os para enfrentar uma nova campanha eleitoral, com o objetivo de disputar uma vaga de <strong>deputado federal em 2026<\/strong>.<\/p>\n<p>Amir Lando chegou a Rond\u00f4nia em <strong>1970<\/strong>, como advogado. Atuou no <strong>Incra<\/strong>, onde esteve \u00e0 frente da <strong>Comiss\u00e3o de Discrimina\u00e7\u00e3o de Terras Devolutas<\/strong>, respons\u00e1vel por \u00e1reas que deram origem a projetos de assentamento posteriormente transformados em importantes cidades do estado.<\/p>\n<p>Foi no <strong>MDB de Jer\u00f4nimo Santana<\/strong> que se elegeu <strong>deputado estadual e constituinte<\/strong>, em 1982, ao lado de nomes como <strong>Jos\u00e9 de Abreu Bianco<\/strong> e outros personagens hist\u00f3ricos que ajudaram a construir a Constitui\u00e7\u00e3o do rec\u00e9m-criado estado de Rond\u00f4nia.<\/p>\n<p>No Senado, Amir Lando ganhou proje\u00e7\u00e3o nacional ao ser <strong>relator da CPI do PC Farias<\/strong>, em 1992. Seu relat\u00f3rio, considerado duro, t\u00e9cnico e decisivo, apontou a exist\u00eancia de um esquema de corrup\u00e7\u00e3o diretamente ligado ao ent\u00e3o presidente da Rep\u00fablica. O trabalho da CPI forneceu a base pol\u00edtica e jur\u00eddica para que o Congresso avan\u00e7asse no impeachment. Em plen\u00e1rio, Lando posicionou-se claramente a favor da cassa\u00e7\u00e3o, mesmo sob forte press\u00e3o pol\u00edtica.<\/p>\n<p>Por isso, na mem\u00f3ria pol\u00edtica nacional, Amir Lando \u00e9 frequentemente lembrado como um <strong>senador combativo<\/strong>, que colocou o interesse institucional acima de alian\u00e7as circunstanciais e teve papel relevante em um dos momentos mais marcantes da redemocratiza\u00e7\u00e3o brasileira.<\/p>\n<p>Embora suas ra\u00edzes pol\u00edticas estejam no <strong>MDB<\/strong>, Amir Lando poder\u00e1 buscar <strong>uma nova legenda como abrigo eleitoral<\/strong>, movimento comum em ciclos de rearranjo partid\u00e1rio como o que antecede <strong>2026<\/strong>, quando a insatisfa\u00e7\u00e3o do eleitor tende a premiar trajet\u00f3rias consolidadas ou, ao menos, a revisit\u00e1-las.<\/p>\n","protected":false},"excerpt":{"rendered":"<div class=\"mh-excerpt\"><p>Desencanto com a atual representa\u00e7\u00e3o reacende a lembran\u00e7a de Amir Lando, protagonista do impeachment de Collor e nome que come\u00e7a a ser citado no xadrez eleitoral de 2026 em Rond\u00f4nia.<\/p>\n<\/div>","protected":false},"author":1,"featured_media":41322,"comment_status":"open","ping_status":"closed","sticky":false,"template":"","format":"standard","meta":{"footnotes":""},"categories":[9],"tags":[8781],"class_list":["post-41321","post","type-post","status-publish","format-standard","has-post-thumbnail","hentry","category-politica","tag-amir-lando"],"_links":{"self":[{"href":"https:\/\/folhaderondonianews.com\/news\/wp-json\/wp\/v2\/posts\/41321","targetHints":{"allow":["GET"]}}],"collection":[{"href":"https:\/\/folhaderondonianews.com\/news\/wp-json\/wp\/v2\/posts"}],"about":[{"href":"https:\/\/folhaderondonianews.com\/news\/wp-json\/wp\/v2\/types\/post"}],"author":[{"embeddable":true,"href":"https:\/\/folhaderondonianews.com\/news\/wp-json\/wp\/v2\/users\/1"}],"replies":[{"embeddable":true,"href":"https:\/\/folhaderondonianews.com\/news\/wp-json\/wp\/v2\/comments?post=41321"}],"version-history":[{"count":3,"href":"https:\/\/folhaderondonianews.com\/news\/wp-json\/wp\/v2\/posts\/41321\/revisions"}],"predecessor-version":[{"id":41325,"href":"https:\/\/folhaderondonianews.com\/news\/wp-json\/wp\/v2\/posts\/41321\/revisions\/41325"}],"wp:featuredmedia":[{"embeddable":true,"href":"https:\/\/folhaderondonianews.com\/news\/wp-json\/wp\/v2\/media\/41322"}],"wp:attachment":[{"href":"https:\/\/folhaderondonianews.com\/news\/wp-json\/wp\/v2\/media?parent=41321"}],"wp:term":[{"taxonomy":"category","embeddable":true,"href":"https:\/\/folhaderondonianews.com\/news\/wp-json\/wp\/v2\/categories?post=41321"},{"taxonomy":"post_tag","embeddable":true,"href":"https:\/\/folhaderondonianews.com\/news\/wp-json\/wp\/v2\/tags?post=41321"}],"curies":[{"name":"wp","href":"https:\/\/api.w.org\/{rel}","templated":true}]}}