{"id":41455,"date":"2026-03-09T08:02:15","date_gmt":"2026-03-09T12:02:15","guid":{"rendered":"https:\/\/folhaderondonianews.com\/news\/?p=41455"},"modified":"2026-03-09T08:02:15","modified_gmt":"2026-03-09T12:02:15","slug":"confucio-moura-ministerio-saude-especulacao-rondonia","status":"publish","type":"post","link":"https:\/\/folhaderondonianews.com\/news\/2026\/03\/09\/confucio-moura-ministerio-saude-especulacao-rondonia\/","title":{"rendered":"Conf\u00facio Moura, Padilha e a pol\u00edtica da especula\u00e7\u00e3o em Rond\u00f4nia, por Roberto Gutierrez"},"content":{"rendered":"<h2>Rumor sobre poss\u00edvel ida do senador ao Minist\u00e9rio da Sa\u00fade ignora declara\u00e7\u00f5es do ministro e revela o clima pol\u00edtico do estado.<\/h2>\n<p>&nbsp;<\/p>\n<h3><strong>Especula\u00e7\u00e3o<\/strong><\/h3>\n<p>Neste fim de semana ganhou as redes sociais de Rond\u00f4nia a informa\u00e7\u00e3o de que o senador <strong>Conf\u00facio Moura<\/strong> (MDB) estaria articulando uma \u201csa\u00edda honrosa\u201d para se tornar ministro da Sa\u00fade.<\/p>\n<p>&nbsp;<\/p>\n<h3>\u201csa\u00edda honrosa\u201d que nunca existiu<\/h3>\n<p>O ministro <strong>Alexandre Padilha<\/strong> disse em novembro do ano passado que n\u00e3o ser\u00e1 candidato a nada em 2026 e que continuar\u00e1 como ministro da Sa\u00fade, ajudando no projeto de reelei\u00e7\u00e3o do presidente <strong>Luiz In\u00e1cio Lula da Silva<\/strong>.<\/p>\n<p>Padilha \u00e9 ministro desde mar\u00e7o de 2025. Foi deputado federal por S\u00e3o Paulo at\u00e9 2022, est\u00e1 no quarto ano sem mandato eletivo e j\u00e1 declarou que n\u00e3o pretende disputar cargo nas elei\u00e7\u00f5es de 2026.<\/p>\n<p>O que poderia ter motivado essa informa\u00e7\u00e3o, al\u00e9m da express\u00e3o nitidamente maldosa \u201csa\u00edda honrosa\u201d?<\/p>\n<p>&nbsp;<\/p>\n<p><strong>Qualidade intr\u00ednseca <\/strong><\/p>\n<p>Conf\u00facio Moura \u00e9 m\u00e9dico de forma\u00e7\u00e3o. J\u00e1 foi governador de Rond\u00f4nia por dois mandatos, duas vezes prefeito e, por tr\u00eas vezes, deputado federal. Tem boa rela\u00e7\u00e3o com o governo federal e com o Minist\u00e9rio da Sa\u00fade.<\/p>\n<p>Nos \u00faltimos dias, por exemplo, Conf\u00facio esteve em reuni\u00e3o com Padilha para tratar de demandas da sa\u00fade de munic\u00edpios de Rond\u00f4nia, como faz com frequ\u00eancia tamb\u00e9m com outros ministros.<\/p>\n<p>Ali\u00e1s, a bancada federal de Rond\u00f4nia costuma recorrer a Conf\u00facio Moura para ajudar a abrir portas no governo federal e atender demandas do estado. E, de maneira \u00e9tica, jamais se ouviu qualquer coment\u00e1rio negativo sobre esse tipo de articula\u00e7\u00e3o feita pelo senador. Quem convive nos corredores dos minist\u00e9rios, em Bras\u00edlia, sabe disso.<\/p>\n<p>&nbsp;<\/p>\n<h3><strong>Pol\u00edtica por tr\u00e1s dos coment\u00e1rios<\/strong><\/h3>\n<p>O fato de o senador Conf\u00facio Moura ainda n\u00e3o ter revelado se ser\u00e1 ou n\u00e3o candidato \u00e0 reelei\u00e7\u00e3o, somado ao fato de que mais da metade da popula\u00e7\u00e3o de Rond\u00f4nia se identifica com a direita, enquanto Conf\u00facio faz parte da base de apoio do governo Lula, \u00a0acaba criando todo tipo de especula\u00e7\u00e3o e at\u00e9 mesmo tentativas de demoniza\u00e7\u00e3o pol\u00edtica.<\/p>\n<p>&nbsp;<\/p>\n<h3><strong>Decis\u00e3o que pode mexer no tabuleiro<\/strong><\/h3>\n<p>Muita coisa na pol\u00edtica de Rond\u00f4nia depende da decis\u00e3o que Conf\u00facio Moura dever\u00e1 anunciar em mar\u00e7o: se ser\u00e1 ou n\u00e3o candidato \u00e0 reelei\u00e7\u00e3o ao Senado. Dependendo da resposta, outros nomes poderiam se animar a disputar a vaga, quem sabe at\u00e9 o de Pimenta de Rond\u00f4nia ou de Djair Prieto&#8230;. rsrsrsrs<\/p>\n","protected":false},"excerpt":{"rendered":"<div class=\"mh-excerpt\"><p>Rumor sobre poss\u00edvel ida do senador ao Minist\u00e9rio da Sa\u00fade ignora declara\u00e7\u00f5es do ministro e revela o clima pol\u00edtico do estado.<\/p>\n<\/div>","protected":false},"author":1,"featured_media":41456,"comment_status":"open","ping_status":"closed","sticky":false,"template":"","format":"standard","meta":{"footnotes":""},"categories":[8,9],"tags":[1280,8804,1493],"class_list":["post-41455","post","type-post","status-publish","format-standard","has-post-thumbnail","hentry","category-coluna-do-gutierrez","category-politica","tag-coluna-do-gutierrez","tag-confucio-moura-ministerio-da-saude-alexandre-padilha-politica-de-rondonia-senado-governo-lula-rondonia-bastidores-da-politica-eleicoes-2026-senado-2026","tag-roberto-gutierrez"],"_links":{"self":[{"href":"https:\/\/folhaderondonianews.com\/news\/wp-json\/wp\/v2\/posts\/41455","targetHints":{"allow":["GET"]}}],"collection":[{"href":"https:\/\/folhaderondonianews.com\/news\/wp-json\/wp\/v2\/posts"}],"about":[{"href":"https:\/\/folhaderondonianews.com\/news\/wp-json\/wp\/v2\/types\/post"}],"author":[{"embeddable":true,"href":"https:\/\/folhaderondonianews.com\/news\/wp-json\/wp\/v2\/users\/1"}],"replies":[{"embeddable":true,"href":"https:\/\/folhaderondonianews.com\/news\/wp-json\/wp\/v2\/comments?post=41455"}],"version-history":[{"count":2,"href":"https:\/\/folhaderondonianews.com\/news\/wp-json\/wp\/v2\/posts\/41455\/revisions"}],"predecessor-version":[{"id":41458,"href":"https:\/\/folhaderondonianews.com\/news\/wp-json\/wp\/v2\/posts\/41455\/revisions\/41458"}],"wp:featuredmedia":[{"embeddable":true,"href":"https:\/\/folhaderondonianews.com\/news\/wp-json\/wp\/v2\/media\/41456"}],"wp:attachment":[{"href":"https:\/\/folhaderondonianews.com\/news\/wp-json\/wp\/v2\/media?parent=41455"}],"wp:term":[{"taxonomy":"category","embeddable":true,"href":"https:\/\/folhaderondonianews.com\/news\/wp-json\/wp\/v2\/categories?post=41455"},{"taxonomy":"post_tag","embeddable":true,"href":"https:\/\/folhaderondonianews.com\/news\/wp-json\/wp\/v2\/tags?post=41455"}],"curies":[{"name":"wp","href":"https:\/\/api.w.org\/{rel}","templated":true}]}}