{"id":41460,"date":"2026-03-11T09:15:10","date_gmt":"2026-03-11T13:15:10","guid":{"rendered":"https:\/\/folhaderondonianews.com\/news\/?p=41460"},"modified":"2026-03-11T09:28:53","modified_gmt":"2026-03-11T13:28:53","slug":"flavio-bolsonaro-pl-rondonia-marcos-rogerio","status":"publish","type":"post","link":"https:\/\/folhaderondonianews.com\/news\/2026\/03\/11\/flavio-bolsonaro-pl-rondonia-marcos-rogerio\/","title":{"rendered":"Rond\u00f4nia recebe Fl\u00e1vio Bolsonaro no projeto PL para tornar Marcos Rog\u00e9rio governador"},"content":{"rendered":"<h2 class=\"x_MsoNormal\">Ato pol\u00edtico apresenta nomes para as disputas ao Governo, Senado, C\u00e2mara Federal e Assembleia Legislativa em Rond\u00f4nia.<\/h2>\n<p><strong>Ludmila Lucas<\/strong> &#8211; O Partido Liberal (PL) realiza no pr\u00f3ximo s\u00e1bado, 14 de mar\u00e7o, em Ji-Paran\u00e1, o primeiro grande encontro partid\u00e1rio da sigla em Rond\u00f4nia voltado \u00e0 apresenta\u00e7\u00e3o de pr\u00e9-candidaturas para as elei\u00e7\u00f5es. O evento marcar\u00e1 oficialmente o lan\u00e7amento da pr\u00e9-candidatura do senador Marcos Rog\u00e9rio ao Governo do Estado.<\/p>\n<p>A programa\u00e7\u00e3o acontece em um momento estrat\u00e9gico da pol\u00edtica nacional: a abertura da janela partid\u00e1ria, per\u00edodo em que parlamentares com mandato podem trocar de partido sem perder o cargo.<\/p>\n<p><strong>Presen\u00e7a de lideran\u00e7as nacionais<\/strong><\/p>\n<p>O encontro contar\u00e1 com a participa\u00e7\u00e3o de importantes lideran\u00e7as do Partido Liberal em n\u00edvel nacional. Entre os nomes confirmados est\u00e3o o pr\u00e9-candidato \u00e0 Presid\u00eancia da Rep\u00fablica, Fl\u00e1vio Bolsonaro, o presidente nacional do partido, Valdemar Costa Neto, e o l\u00edder da oposi\u00e7\u00e3o no Senado, Rog\u00e9rio Marinho.<\/p>\n<p>Outras lideran\u00e7as pol\u00edticas tamb\u00e9m devem participar do evento, que ser\u00e1 um dos primeiros grandes movimentos de articula\u00e7\u00e3o do partido no estado visando as pr\u00f3ximas elei\u00e7\u00f5es.<\/p>\n<p><strong>Novas filia\u00e7\u00f5es<\/strong><\/p>\n<p>Durante o encontro, o PL tamb\u00e9m deve oficializar novas filia\u00e7\u00f5es que refor\u00e7am o projeto pol\u00edtico da legenda em Rond\u00f4nia.<\/p>\n<p>Entre os nomes confirmados est\u00e3o o deputado federal Fernando M\u00e1ximo, que se filia ao partido como pr\u00e9-candidato ao Senado Federal, o deputado federal L\u00facio Mosquini e o deputado estadual Ezequiel Neiva, pr\u00e9-candidato \u00e0 C\u00e2mara dos Deputados. Outros parlamentares estaduais tamb\u00e9m devem formalizar ingresso na sigla.<\/p>\n<p><strong>Estrat\u00e9gia para as elei\u00e7\u00f5es<\/strong><\/p>\n<p>De acordo com a organiza\u00e7\u00e3o do evento, o encontro ser\u00e1 um primeiro momento de apresenta\u00e7\u00e3o p\u00fablica dos principais nomes que devem compor as chapas majorit\u00e1ria e proporcionais do partido em Rond\u00f4nia, tanto para cargos estaduais quanto federais.<\/p>\n<p>Para o presidente estadual do PL, senador Marcos Rog\u00e9rio, o encontro representa um passo importante na constru\u00e7\u00e3o do projeto pol\u00edtico da legenda no estado.<\/p>\n<p>\u201cEste ser\u00e1 um momento de uni\u00e3o, de tomada de posi\u00e7\u00e3o e de apresenta\u00e7\u00e3o de um projeto para o futuro do nosso estado e do Brasil\u201d, afirmou.<\/p>\n<p><strong>Servi\u00e7o<\/strong><\/p>\n<p><strong>Data:<\/strong> 14 de mar\u00e7o<br \/>\n<strong>Hor\u00e1rio:<\/strong> 10h<br \/>\n<strong>Local:<\/strong> Espa\u00e7o Vera Cruz \u2013 Ji-Paran\u00e1<br \/>\n<strong>Pauta:<\/strong> Lan\u00e7amento da pr\u00e9-candidatura de Marcos Rog\u00e9rio ao Governo de Rond\u00f4nia, apresenta\u00e7\u00e3o de pr\u00e9-candidaturas e novas filia\u00e7\u00f5es ao PL<\/p>\n<p>&nbsp;<\/p>\n","protected":false},"excerpt":{"rendered":"<div class=\"mh-excerpt\"><p>O Partido Liberal realiza em Ji-Paran\u00e1 um encontro com lideran\u00e7as nacionais, incluindo Fl\u00e1vio Bolsonaro, para apresentar pr\u00e9-candidaturas e lan\u00e7ar Marcos Rog\u00e9rio ao governo de Rond\u00f4nia.<\/p>\n<\/div>","protected":false},"author":1,"featured_media":41461,"comment_status":"open","ping_status":"closed","sticky":false,"template":"","format":"standard","meta":{"footnotes":""},"categories":[9],"tags":[8805],"class_list":["post-41460","post","type-post","status-publish","format-standard","has-post-thumbnail","hentry","category-politica","tag-flavio-bolsonaro-marcos-rogerio-pl-rondonia-ji-parana-eleicoes-2026-governo-de-rondonia-politica"],"_links":{"self":[{"href":"https:\/\/folhaderondonianews.com\/news\/wp-json\/wp\/v2\/posts\/41460","targetHints":{"allow":["GET"]}}],"collection":[{"href":"https:\/\/folhaderondonianews.com\/news\/wp-json\/wp\/v2\/posts"}],"about":[{"href":"https:\/\/folhaderondonianews.com\/news\/wp-json\/wp\/v2\/types\/post"}],"author":[{"embeddable":true,"href":"https:\/\/folhaderondonianews.com\/news\/wp-json\/wp\/v2\/users\/1"}],"replies":[{"embeddable":true,"href":"https:\/\/folhaderondonianews.com\/news\/wp-json\/wp\/v2\/comments?post=41460"}],"version-history":[{"count":5,"href":"https:\/\/folhaderondonianews.com\/news\/wp-json\/wp\/v2\/posts\/41460\/revisions"}],"predecessor-version":[{"id":41466,"href":"https:\/\/folhaderondonianews.com\/news\/wp-json\/wp\/v2\/posts\/41460\/revisions\/41466"}],"wp:featuredmedia":[{"embeddable":true,"href":"https:\/\/folhaderondonianews.com\/news\/wp-json\/wp\/v2\/media\/41461"}],"wp:attachment":[{"href":"https:\/\/folhaderondonianews.com\/news\/wp-json\/wp\/v2\/media?parent=41460"}],"wp:term":[{"taxonomy":"category","embeddable":true,"href":"https:\/\/folhaderondonianews.com\/news\/wp-json\/wp\/v2\/categories?post=41460"},{"taxonomy":"post_tag","embeddable":true,"href":"https:\/\/folhaderondonianews.com\/news\/wp-json\/wp\/v2\/tags?post=41460"}],"curies":[{"name":"wp","href":"https:\/\/api.w.org\/{rel}","templated":true}]}}