{"id":41467,"date":"2026-03-12T09:34:17","date_gmt":"2026-03-12T13:34:17","guid":{"rendered":"https:\/\/folhaderondonianews.com\/news\/?p=41467"},"modified":"2026-03-12T09:34:17","modified_gmt":"2026-03-12T13:34:17","slug":"pl-flavio-bolsonaro-lanca-marcos-rogerio-rondonia","status":"publish","type":"post","link":"https:\/\/folhaderondonianews.com\/news\/2026\/03\/12\/pl-flavio-bolsonaro-lanca-marcos-rogerio-rondonia\/","title":{"rendered":"PL sai na frente para marcar territ\u00f3rio eleitoral em Rond\u00f4nia"},"content":{"rendered":"<h2>Marcos Rog\u00e9rio aparece sempre entre os principais nomes da disputa ao governo de Rond\u00f4nia, ou seja, lidera. Coluna do Gutierrez.<\/h2>\n<p>O encontro do PL neste s\u00e1bado 14, em Ji-Paran\u00e1, tem tr\u00eas objetivos claros: O primeiro \u00e9 lan\u00e7ar o senador Marcos Rog\u00e9rio como candidato competitivo ao governo do estado. O segundo \u00e9 apresentar nomes considerados fortes para a disputa ao Senado, como o deputado federal Fernando M\u00e1ximo e o empres\u00e1rio Bruno Scheid. O terceiro \u00e9 iniciar a forma\u00e7\u00e3o de chapas proporcionais robustas, tanto para a C\u00e2mara dos Deputados quanto para a Assembleia Legislativa.<\/p>\n<p>Na pr\u00e1tica, o encontro representa um movimento inicial de pr\u00e9-campanha, voltado \u00e0 organiza\u00e7\u00e3o da base pol\u00edtica do partido para as elei\u00e7\u00f5es de 2026.<br \/>\nSegundo interlocutores do grupo pol\u00edtico, o an\u00fancio de novas lideran\u00e7as que poder\u00e3o integrar o projeto deve ocorrer de forma gradual, respeitando o tempo de cada lideran\u00e7a para se posicionar publicamente.<\/p>\n<p>Um dos nomes citados nos bastidores \u00e9 o do ex-senador e ex-governador Ivo Cassol, que atualmente est\u00e1 na Fran\u00e7a. Cassol n\u00e3o tem escondido de aliados que mant\u00e9m conversas pol\u00edticas com Marcos Rog\u00e9rio, o que alimenta especula\u00e7\u00f5es sobre uma poss\u00edvel aproxima\u00e7\u00e3o entre os dois grupos no cen\u00e1rio eleitoral de Rond\u00f4nia.<\/p>\n<p><strong>O que dizem as pesquisas sobre Marcos Rog\u00e9rio<\/strong><br \/>\nMarcos Rog\u00e9rio aparece sempre entre os principais nomes da disputa ao governo de Rond\u00f4nia.<br \/>\nEm pesquisas em 2025, Marcos Rog\u00e9rio apareceu tecnicamente empatado com Fernando M\u00e1ximo, Ap\u00f3s a decis\u00e3o de que Marcos ser\u00e1 o candidato ao governo e M\u00e1ximo, ao senado, Marcos Rog\u00e9rio lidera em todos os cen\u00e1rios no primeiro turno.<\/p>\n<p><strong>Conclus\u00e3o pol\u00edtica:<\/strong><br \/>\nMarcos Rog\u00e9rio come\u00e7a a corrida no pelot\u00e3o da frente. A elei\u00e7\u00e3o tende a ser muito fragmentada, com v\u00e1rios nomes competitivos.<\/p>\n<p><strong>Qual o peso de Fl\u00e1vio Bolsonaro em Rond\u00f4nia<\/strong><br \/>\nFl\u00e1vio Bolsonaro tem influ\u00eancia pol\u00edtica principalmente por causa do eleitorado ligado ao ex-presidente Jair Bolsonaro.<br \/>\n<strong>Alguns fatores importantes:<\/strong><br \/>\nRond\u00f4nia foi um dos estados mais bolsonaristas do Brasil em 2018 e 2022.<br \/>\nMarcos Rog\u00e9rio foi um dos principais aliados de Bolsonaro no Senado.<br \/>\nA presen\u00e7a de Fl\u00e1vio em eventos pol\u00edticos serve para mobilizar a base conservadora e evang\u00e9lica.<\/p>\n<p><strong>Impacto real<\/strong><br \/>\nFl\u00e1vio n\u00e3o decide elei\u00e7\u00e3o sozinho, mas ajuda a consolidar o voto da direita, que \u00e9 forte no estado.<\/p>\n<p><strong>Expectativa do PL para deputado federal<\/strong><br \/>\nPartido Liberal hoje tem uma estrat\u00e9gia nacional de ampliar a bancada na C\u00e2mara. Rond\u00f4nia tem 8 vagas de deputado federal.<br \/>\nNos bastidores pol\u00edticos, a expectativa de dirigentes do partido \u00e9 de 2 a 3 deputados federais eleitos pelo PL. Dependendo da for\u00e7a da chapa proporcional e da transfer\u00eancia de votos.<br \/>\nPara deputado estadual o PL acredita que poder\u00e1 fazer quatro vagas e sonharia com um quinta vaga, o que para muitos dependeria tamb\u00e9m de uma combina\u00e7\u00e3o de resultados que, atualmente, a matem\u00e1tica eleitora n\u00e3o fecha.<\/p>\n<p><strong>Cen\u00e1rio de Fernando M\u00e1ximo para o Senado<\/strong><br \/>\nFernando M\u00e1ximo aparece como um dos nomes mais competitivos do estado. Ele tem tr\u00eas fatores importantes: Alta vota\u00e7\u00e3o em 2022 para deputado federal.<br \/>\nPresen\u00e7a forte em Porto Velho e no interior. Boa visibilidade por causa da atua\u00e7\u00e3o como ex-secret\u00e1rio de Sa\u00fade na pandemia.<br \/>\nO desafio da direita, no entanto, \u00e9 que s\u00e3o duas vagas. A direita pode navegar em 60 % a 65% do eleitorado divididos em muitos nomes de direita na disputa. Neste aspecto a esquerda com menos de candidatos, teoricamente levaria alguma vantagem, mas, o que poder\u00e1 decidir mesmo \u00e9 o segundo voto. O eleitor vai ter que votar duas vezes para senador.<\/p>\n<p><strong>Julgamento sobre Vorcaro come\u00e7ar nesta ter\u00e7a no STF<\/strong><br \/>\nA Segunda Turma do Supremo Tribunal Federal deve iniciar nesta sexta-feira, \u00e0s 11h, a vota\u00e7\u00e3o sobre o relaxamento da pris\u00e3o preventiva de Daniel Vorcaro. O colegiado \u00e9 composto por cinco ministros e faz parte da divis\u00e3o do STF, que possui duas turmas com cinco integrantes cada, enquanto o presidente da Corte n\u00e3o participa desses julgamentos.<\/p>\n<h3><strong>Pedido de Toffoli muda expectativa sobre vota\u00e7\u00e3o<\/strong><\/h3>\n<p>Um pedido do ministro Dias Toffoli para n\u00e3o participar do julgamento acabou gerando expectativa entre advogados e pessoas que acompanham o caso. A poss\u00edvel aus\u00eancia do ministro pode alterar o cen\u00e1rio de vota\u00e7\u00e3o dentro da Segunda Turma.<\/p>\n<p><strong>Dois votos s\u00e3o considerados prov\u00e1veis<\/strong><br \/>\nEntre os ministros que devem participar do julgamento, dois votos s\u00e3o considerados praticamente certos pela manuten\u00e7\u00e3o da pris\u00e3o de Daniel Vorcaro: o do relator do processo, ministro Andr\u00e9 Mendon\u00e7a, respons\u00e1vel pela decis\u00e3o que determinou a pris\u00e3o, e o do ministro Luiz Fux.<\/p>\n<p><strong>Empate pode beneficiar o investigado<\/strong><br \/>\nCaso Dias Toffoli n\u00e3o participe da vota\u00e7\u00e3o e os quatro ministros restantes se dividam em dois votos a dois, o resultado pode favorecer Vorcaro. Pelo princ\u00edpio jur\u00eddico in dubio pro reo, aplicado no direito penal brasileiro, situa\u00e7\u00f5es de empate tendem a beneficiar o acusado. A Procuradoria-Geral da Rep\u00fablica j\u00e1 havia se manifestado contra a pris\u00e3o, argumentando que os fatos n\u00e3o seriam contempor\u00e2neos e que a medida poderia ter sido precipitada.<\/p>\n<p>\u201cRoberto Gutierrez \u00e9 jornalista. Na comunica\u00e7\u00e3o desde outubro de 1976, passou por todas as m\u00eddias e h\u00e1 quase tr\u00eas d\u00e9cadas \u00e9 editorialista e analista pol\u00edtico.\u201d<\/p>\n","protected":false},"excerpt":{"rendered":"<div class=\"mh-excerpt\"><p>Marcos Rog\u00e9rio aparece sempre entre os principais nomes da disputa ao governo de Rond\u00f4nia, ou seja, lidera.<\/p>\n<\/div>","protected":false},"author":1,"featured_media":41468,"comment_status":"open","ping_status":"closed","sticky":false,"template":"","format":"standard","meta":{"footnotes":""},"categories":[8,9],"tags":[1280,4267,1054,7234],"class_list":["post-41467","post","type-post","status-publish","format-standard","has-post-thumbnail","hentry","category-coluna-do-gutierrez","category-politica","tag-coluna-do-gutierrez","tag-flavio-bolsonaro","tag-marcos-rogerio","tag-pl"],"_links":{"self":[{"href":"https:\/\/folhaderondonianews.com\/news\/wp-json\/wp\/v2\/posts\/41467","targetHints":{"allow":["GET"]}}],"collection":[{"href":"https:\/\/folhaderondonianews.com\/news\/wp-json\/wp\/v2\/posts"}],"about":[{"href":"https:\/\/folhaderondonianews.com\/news\/wp-json\/wp\/v2\/types\/post"}],"author":[{"embeddable":true,"href":"https:\/\/folhaderondonianews.com\/news\/wp-json\/wp\/v2\/users\/1"}],"replies":[{"embeddable":true,"href":"https:\/\/folhaderondonianews.com\/news\/wp-json\/wp\/v2\/comments?post=41467"}],"version-history":[{"count":1,"href":"https:\/\/folhaderondonianews.com\/news\/wp-json\/wp\/v2\/posts\/41467\/revisions"}],"predecessor-version":[{"id":41469,"href":"https:\/\/folhaderondonianews.com\/news\/wp-json\/wp\/v2\/posts\/41467\/revisions\/41469"}],"wp:featuredmedia":[{"embeddable":true,"href":"https:\/\/folhaderondonianews.com\/news\/wp-json\/wp\/v2\/media\/41468"}],"wp:attachment":[{"href":"https:\/\/folhaderondonianews.com\/news\/wp-json\/wp\/v2\/media?parent=41467"}],"wp:term":[{"taxonomy":"category","embeddable":true,"href":"https:\/\/folhaderondonianews.com\/news\/wp-json\/wp\/v2\/categories?post=41467"},{"taxonomy":"post_tag","embeddable":true,"href":"https:\/\/folhaderondonianews.com\/news\/wp-json\/wp\/v2\/tags?post=41467"}],"curies":[{"name":"wp","href":"https:\/\/api.w.org\/{rel}","templated":true}]}}