{"id":41563,"date":"2026-04-10T09:49:01","date_gmt":"2026-04-10T13:49:01","guid":{"rendered":"https:\/\/folhaderondonianews.com\/news\/?p=41563"},"modified":"2026-04-28T09:53:25","modified_gmt":"2026-04-28T13:53:25","slug":"claudia-de-jesus-homenageia-liderancas-por-atuacao-em-direitos-educacao-justica-social-e-igualdade-racial","status":"publish","type":"post","link":"https:\/\/folhaderondonianews.com\/news\/2026\/04\/10\/claudia-de-jesus-homenageia-liderancas-por-atuacao-em-direitos-educacao-justica-social-e-igualdade-racial\/","title":{"rendered":"Cl\u00e1udia homenageia lideran\u00e7as por atua\u00e7\u00e3o em direitos, educa\u00e7\u00e3o, justi\u00e7a social e igualdade racial"},"content":{"rendered":"<h2 class=\"text-lg font-normal text-gray-500 lg:text-xl dark:text-gray-400\">Sess\u00e3o solene reconhece personalidades que fortalecem a constru\u00e7\u00e3o social de Rond\u00f4nia.<\/h2>\n<p>A Assembleia Legislativa de Rond\u00f4nia (Alero) realizou na tarde de hoje uma sess\u00e3o solene conduzida pela deputada estadual Claudia de Jesus (PT) para reconhecer personalidades que desempenham pap\u00e9is essenciais no desenvolvimento humano, social e institucional do estado. Durante a cerim\u00f4nia, foram entregues honrarias a cidad\u00e3os e cidad\u00e3s que dedicam suas vidas ao servi\u00e7o p\u00fablico, \u00e0 educa\u00e7\u00e3o, \u00e0 igualdade racial e \u00e0 defesa dos direitos.<\/p>\n<p>Entre os homenageados esteve Ant\u00f4nio de Jesus Sousa Miranda, que recebeu o t\u00edtulo de Cidad\u00e3o de Rond\u00f4nia pelo trabalho expressivo na promo\u00e7\u00e3o da igualdade racial e na constru\u00e7\u00e3o de espa\u00e7os de di\u00e1logo e justi\u00e7a social. Sua atua\u00e7\u00e3o \u00e9 reconhecida como uma refer\u00eancia na luta contra o racismo e na defesa de pol\u00edticas p\u00fablicas inclusivas.<\/p>\n<p><img decoding=\"async\" class=\"img-fluid img_texto_noticia lazyload\" data-src=\"https:\/\/www.al.ro.leg.br\/media\/uploads\/2026\/04\/10\/965514e8bf5d4cab88f99ddbe2c9c77a.jpeg\" alt=\"\" src=\"data:image\/svg+xml;base64,PHN2ZyB3aWR0aD0iMSIgaGVpZ2h0PSIxIiB4bWxucz0iaHR0cDovL3d3dy53My5vcmcvMjAwMC9zdmciPjwvc3ZnPg==\" \/>Deputada Cl\u00e1udia de Jesus foi a proponente da sess\u00e3o (Foto: Lu\u00eds Castilhos I Secom ALE\/RO)<\/p>\n<p>&nbsp;<\/p>\n<p>A professora doutora Nair Ferreira Gurgel do Amaral foi homenageada com o m\u00e9rito cultural, devido \u00e0 sua contribui\u00e7\u00e3o \u00e0 forma\u00e7\u00e3o humana e intelectual no estado. Com d\u00e9cadas de atua\u00e7\u00e3o na \u00e1rea da educa\u00e7\u00e3o, ela \u00e9 reconhecida pela dedica\u00e7\u00e3o \u00e0s realidades amaz\u00f4nicas e pela forma\u00e7\u00e3o de lideran\u00e7as que hoje ocupam importantes espa\u00e7os na sociedade rondoniense.<\/p>\n<p>A solenidade tamb\u00e9m destacou a trajet\u00f3ria de Maria Eliza de Aguiar e Silva, agraciada com o m\u00e9rito legislativo. Sua contribui\u00e7\u00e3o percorre diversas \u00e1reas, desde a educa\u00e7\u00e3o at\u00e9 a sa\u00fade p\u00fablica, sempre com forte atua\u00e7\u00e3o pol\u00edtica e compromisso com o bem comum. O reconhecimento ressalta o papel transformador das mulheres na constru\u00e7\u00e3o de Rond\u00f4nia.<\/p>\n<p>Outro homenageado foi o procurador Paulo Adriano da Silva, igualmente condecorado com o m\u00e9rito legislativo. Sua atua\u00e7\u00e3o firme na defesa dos direitos humanos e no enfrentamento ao racismo o destaca como uma lideran\u00e7a jur\u00eddica comprometida com a justi\u00e7a social e a igualdade racial. Ele tamb\u00e9m foi figura fundamental para a efetiva\u00e7\u00e3o da Lei de Cotas de Rond\u00f4nia.<\/p>\n<p>O Defensor P\u00fablico F\u00e1bio Roberto de Oliveira Santos recebeu o t\u00edtulo de cidad\u00e3o honor\u00e1rio de Rond\u00f4nia. Sua atua\u00e7\u00e3o na Defensoria P\u00fablica e em inst\u00e2ncias de promo\u00e7\u00e3o da igualdade racial tem garantido acesso \u00e0 justi\u00e7a a milhares de pessoas no estado. Seu trabalho foi decisivo na implementa\u00e7\u00e3o de pol\u00edticas voltadas ao combate \u00e0s desigualdades hist\u00f3ricas.<\/p>\n<p>&nbsp;<\/p>\n<p><img decoding=\"async\" class=\"img-fluid img_texto_noticia lazyload\" data-src=\"https:\/\/www.al.ro.leg.br\/media\/uploads\/2026\/04\/10\/479f6896b2bb4f62b4883e295d356180.jpeg\" alt=\"\" src=\"data:image\/svg+xml;base64,PHN2ZyB3aWR0aD0iMSIgaGVpZ2h0PSIxIiB4bWxucz0iaHR0cDovL3d3dy53My5vcmcvMjAwMC9zdmciPjwvc3ZnPg==\" \/>A homenagem reconheceu o trabalho de quem atua em defesa de direitos, educa\u00e7\u00e3o, justi\u00e7a social e promo\u00e7\u00e3o da igualdade racial (Foto: Lu\u00eds Castilhos I Secom ALE\/RO)<\/p>\n<p>&nbsp;<\/p>\n<p>Para a deputada Claudia de Jesus, a sess\u00e3o solene refor\u00e7a a import\u00e2ncia de reconhecer e valorizar trajet\u00f3rias que inspiram e transformam vidas. \u201cCada homenageado carrega uma hist\u00f3ria de luta, de resist\u00eancia e de compromisso com o povo de Rond\u00f4nia. Celebrar essas hist\u00f3rias \u00e9 reafirmar o nosso compromisso com a justi\u00e7a social e com a constru\u00e7\u00e3o de um estado mais igualit\u00e1rio\u201d, destacou.<\/p>\n","protected":false},"excerpt":{"rendered":"<div class=\"mh-excerpt\"><p>Sess\u00e3o solene reconhece personalidades que fortalecem a constru\u00e7\u00e3o social de Rond\u00f4nia.<\/p>\n<\/div>","protected":false},"author":1,"featured_media":41564,"comment_status":"open","ping_status":"closed","sticky":false,"template":"","format":"standard","meta":{"footnotes":""},"categories":[9],"tags":[],"class_list":["post-41563","post","type-post","status-publish","format-standard","has-post-thumbnail","hentry","category-politica"],"_links":{"self":[{"href":"https:\/\/folhaderondonianews.com\/news\/wp-json\/wp\/v2\/posts\/41563","targetHints":{"allow":["GET"]}}],"collection":[{"href":"https:\/\/folhaderondonianews.com\/news\/wp-json\/wp\/v2\/posts"}],"about":[{"href":"https:\/\/folhaderondonianews.com\/news\/wp-json\/wp\/v2\/types\/post"}],"author":[{"embeddable":true,"href":"https:\/\/folhaderondonianews.com\/news\/wp-json\/wp\/v2\/users\/1"}],"replies":[{"embeddable":true,"href":"https:\/\/folhaderondonianews.com\/news\/wp-json\/wp\/v2\/comments?post=41563"}],"version-history":[{"count":1,"href":"https:\/\/folhaderondonianews.com\/news\/wp-json\/wp\/v2\/posts\/41563\/revisions"}],"predecessor-version":[{"id":41565,"href":"https:\/\/folhaderondonianews.com\/news\/wp-json\/wp\/v2\/posts\/41563\/revisions\/41565"}],"wp:featuredmedia":[{"embeddable":true,"href":"https:\/\/folhaderondonianews.com\/news\/wp-json\/wp\/v2\/media\/41564"}],"wp:attachment":[{"href":"https:\/\/folhaderondonianews.com\/news\/wp-json\/wp\/v2\/media?parent=41563"}],"wp:term":[{"taxonomy":"category","embeddable":true,"href":"https:\/\/folhaderondonianews.com\/news\/wp-json\/wp\/v2\/categories?post=41563"},{"taxonomy":"post_tag","embeddable":true,"href":"https:\/\/folhaderondonianews.com\/news\/wp-json\/wp\/v2\/tags?post=41563"}],"curies":[{"name":"wp","href":"https:\/\/api.w.org\/{rel}","templated":true}]}}