{"id":41566,"date":"2026-04-11T09:54:06","date_gmt":"2026-04-11T13:54:06","guid":{"rendered":"https:\/\/folhaderondonianews.com\/news\/?p=41566"},"modified":"2026-04-28T09:59:36","modified_gmt":"2026-04-28T13:59:36","slug":"claudia-homenageia-produtores-durante-encontro-da-agricultura-familiar","status":"publish","type":"post","link":"https:\/\/folhaderondonianews.com\/news\/2026\/04\/11\/claudia-homenageia-produtores-durante-encontro-da-agricultura-familiar\/","title":{"rendered":"Cl\u00e1udia homenageia produtores durante encontro da agricultura familiar"},"content":{"rendered":"<h2 class=\"text-lg font-normal text-gray-500 lg:text-xl dark:text-gray-400\">Parlamentar entregou votos de louvor a produtor rural durante evento da Emater\/Rond\u00f4nia.<\/h2>\n<p>&nbsp;<\/p>\n<p>A deputada estadual Cl\u00e1udia de Jesus (PT) participou, na \u00faltima ter\u00e7a-feira (7), do encontro da agricultura familiar na regi\u00e3o central de Rond\u00f4nia. O evento, promovido pela Empresa de Assist\u00eancia T\u00e9cnica e Extens\u00e3o Rural de Rond\u00f4nia (Emater-RO)\u00a0sob a coordena\u00e7\u00e3o regional de Clodoaldo Abreu, serviu como palco para o reconhecimento de trajet\u00f3rias que t\u00eam transformado a realidade do campo no estado.<\/p>\n<p>&nbsp;<\/p>\n<p>Na ocasi\u00e3o, a parlamentar formalizou a entrega de votos de louvor a duas personalidades de destaque: o produtor rural Marinaldo Gerv\u00e1sio e o engenheiro agr\u00f4nomo Jurandir Batista de Mesquita.<\/p>\n<p>&nbsp;<\/p>\n<p><img decoding=\"async\" class=\"img-fluid img_texto_noticia lazyload\" data-src=\"https:\/\/www.al.ro.leg.br\/media\/uploads\/2026\/04\/10\/5c5ee8fc61814b3cbeac3bd4e59ca2f7.jpeg\" alt=\"\" src=\"data:image\/svg+xml;base64,PHN2ZyB3aWR0aD0iMSIgaGVpZ2h0PSIxIiB4bWxucz0iaHR0cDovL3d3dy53My5vcmcvMjAwMC9zdmciPjwvc3ZnPg==\" \/>Para Cl\u00e1udia de Jesus, o apoio \u00e0 agricultura familiar passa obrigatoriamente pelo reconhecimento de quem produz e de quem orienta\u00a0(Foto: Assessoria parlamentar)<\/p>\n<p>&nbsp;<\/p>\n<p><strong>Inova\u00e7\u00e3o e Tecnologia Social<\/strong><\/p>\n<p>&nbsp;<\/p>\n<p>Marinaldo Gerv\u00e1sio foi reconhecido pela cria\u00e7\u00e3o do &#8220;Biodigestor Rural modelo rondoniense&#8221;. A tecnologia permite a produ\u00e7\u00e3o de biog\u00e1s para uso dom\u00e9stico e biofertilizante l\u00edquido a partir de res\u00edduos org\u00e2nicos, gerando economia para as fam\u00edlias e reduzindo o impacto ambiental. &#8220;O Marinaldo \u00e9 a prova de que a dedica\u00e7\u00e3o e o conhecimento pr\u00e1tico podem gerar solu\u00e7\u00f5es revolucion\u00e1rias para a nossa sociedade&#8221;, afirmou a deputada.<\/p>\n<p>&nbsp;<\/p>\n<p><strong>Dedica\u00e7\u00e3o \u00e0 Agroecologia<\/strong><\/p>\n<p>&nbsp;<\/p>\n<p>J\u00e1 o engenheiro agr\u00f4nomo Jurandir Batista de Mesquita recebeu a honraria por suas quatro d\u00e9cadas de dedica\u00e7\u00e3o \u00e0 agricultura biodin\u00e2mica e org\u00e2nica. Com passagem marcante pela Emater-RO e consultorias estrat\u00e9gicas, Jurandir \u00e9 um dos principais nomes na promo\u00e7\u00e3o do manejo ecol\u00f3gico do solo e no suporte t\u00e9cnico a projetos de sustentabilidade em Rond\u00f4nia.<\/p>\n<p>&nbsp;<\/p>\n<p><img decoding=\"async\" class=\"img-fluid img_texto_noticia lazyload\" data-src=\"https:\/\/www.al.ro.leg.br\/media\/uploads\/2026\/04\/10\/85fa2e530fd540249782b56e5399ad0f.jpg\" alt=\"\" src=\"data:image\/svg+xml;base64,PHN2ZyB3aWR0aD0iMSIgaGVpZ2h0PSIxIiB4bWxucz0iaHR0cDovL3d3dy53My5vcmcvMjAwMC9zdmciPjwvc3ZnPg==\" \/>P\u00fablico\u00a0presente durante homenagem (Foto: Assessoria parlamentar)<\/p>\n<p>&nbsp;<\/p>\n<p>Para Cl\u00e1udia de Jesus, o apoio \u00e0 agricultura familiar passa obrigatoriamente pelo reconhecimento de quem produz e de quem orienta. &#8220;Homenagear esses profissionais \u00e9 valorizar a identidade do nosso estado e incentivar pr\u00e1ticas que garantem alimento de qualidade na mesa dos rondonienses com respeito \u00e0 natureza&#8221;, concluiu a parlamentar.<\/p>\n<p>&nbsp;<\/p>\n","protected":false},"excerpt":{"rendered":"<div class=\"mh-excerpt\"><p>Parlamentar entregou votos de louvor a produtor rural durante evento da Emater\/Rond\u00f4nia. &nbsp; A deputada estadual Cl\u00e1udia de Jesus (PT) participou, na \u00faltima ter\u00e7a-feira (7), <a class=\"mh-excerpt-more\" href=\"https:\/\/folhaderondonianews.com\/news\/2026\/04\/11\/claudia-homenageia-produtores-durante-encontro-da-agricultura-familiar\/\" title=\"Cl\u00e1udia homenageia produtores durante encontro da agricultura familiar\">[&#8230;]<\/a><\/p>\n<\/div>","protected":false},"author":1,"featured_media":41567,"comment_status":"open","ping_status":"closed","sticky":false,"template":"","format":"standard","meta":{"footnotes":""},"categories":[9],"tags":[],"class_list":["post-41566","post","type-post","status-publish","format-standard","has-post-thumbnail","hentry","category-politica"],"_links":{"self":[{"href":"https:\/\/folhaderondonianews.com\/news\/wp-json\/wp\/v2\/posts\/41566","targetHints":{"allow":["GET"]}}],"collection":[{"href":"https:\/\/folhaderondonianews.com\/news\/wp-json\/wp\/v2\/posts"}],"about":[{"href":"https:\/\/folhaderondonianews.com\/news\/wp-json\/wp\/v2\/types\/post"}],"author":[{"embeddable":true,"href":"https:\/\/folhaderondonianews.com\/news\/wp-json\/wp\/v2\/users\/1"}],"replies":[{"embeddable":true,"href":"https:\/\/folhaderondonianews.com\/news\/wp-json\/wp\/v2\/comments?post=41566"}],"version-history":[{"count":1,"href":"https:\/\/folhaderondonianews.com\/news\/wp-json\/wp\/v2\/posts\/41566\/revisions"}],"predecessor-version":[{"id":41568,"href":"https:\/\/folhaderondonianews.com\/news\/wp-json\/wp\/v2\/posts\/41566\/revisions\/41568"}],"wp:featuredmedia":[{"embeddable":true,"href":"https:\/\/folhaderondonianews.com\/news\/wp-json\/wp\/v2\/media\/41567"}],"wp:attachment":[{"href":"https:\/\/folhaderondonianews.com\/news\/wp-json\/wp\/v2\/media?parent=41566"}],"wp:term":[{"taxonomy":"category","embeddable":true,"href":"https:\/\/folhaderondonianews.com\/news\/wp-json\/wp\/v2\/categories?post=41566"},{"taxonomy":"post_tag","embeddable":true,"href":"https:\/\/folhaderondonianews.com\/news\/wp-json\/wp\/v2\/tags?post=41566"}],"curies":[{"name":"wp","href":"https:\/\/api.w.org\/{rel}","templated":true}]}}