{"id":41579,"date":"2026-04-15T10:20:52","date_gmt":"2026-04-15T14:20:52","guid":{"rendered":"https:\/\/folhaderondonianews.com\/news\/?p=41579"},"modified":"2026-04-28T10:31:23","modified_gmt":"2026-04-28T14:31:23","slug":"claudia-propoe-adesao-a-regime-emergencial-para-reduzir-impacto-do-preco-dos-combustiveis","status":"publish","type":"post","link":"https:\/\/folhaderondonianews.com\/news\/2026\/04\/15\/claudia-propoe-adesao-a-regime-emergencial-para-reduzir-impacto-do-preco-dos-combustiveis\/","title":{"rendered":"Cl\u00e1udia prop\u00f5e ades\u00e3o a regime emergencial para reduzir impacto do pre\u00e7o dos combust\u00edveis\u00a0"},"content":{"rendered":"<h2 class=\"text-lg font-normal text-gray-500 lg:text-xl dark:text-gray-400\">Indica\u00e7\u00e3o busca garantir abastecimento, conter infla\u00e7\u00e3o e proteger produtores e consumidores.<\/h2>\n<p>A deputada estadual Cl\u00e1udia de Jesus apresentou a Indica\u00e7\u00e3o 16467\/2026 na Assembleia Legislativa de Rond\u00f4nia (Alero), propondo que o governo do estado adira ao Regime Emergencial de Abastecimento Interno de Combust\u00edveis, institu\u00eddo pela Medida Provis\u00f3ria 1349, de 7 de abril de 2026.<\/p>\n<p>&nbsp;<\/p>\n<p>A proposta foi encaminhada ao Poder Executivo, com extens\u00e3o \u00e0 Casa Civil e \u00e0 Secretaria de Estado de Finan\u00e7as, e tem como foco a ado\u00e7\u00e3o de medidas urgentes para enfrentar os impactos da alta dos combust\u00edveis, especialmente do \u00f3leo diesel, sobre a economia rondoniense.<\/p>\n<p>&nbsp;<\/p>\n<p>No documento a parlamentar destaca que o cen\u00e1rio internacional tem sido marcado por instabilidade geopol\u00edtica, com reflexos diretos no pre\u00e7o do petr\u00f3leo. A eleva\u00e7\u00e3o do barril tipo Brent, que chegou a patamares pr\u00f3ximos de 119 d\u00f3lares, tem provocado aumento nos custos de importa\u00e7\u00e3o e pressionado os pre\u00e7os no mercado interno.<\/p>\n<p>&nbsp;<\/p>\n<p>Diante desse contexto, a Medida Provis\u00f3ria 1349\/2026\u00a0 do governo federal criou um regime emergencial baseado na coopera\u00e7\u00e3o entre a Uni\u00e3o, os estados e o Distrito Federal. O modelo prev\u00ea a divis\u00e3o dos custos para subsidiar o \u00f3leo diesel, com aporte de 0,60 centavos por litro por parte da Uni\u00e3o e igual contrapartida dos estados que aderirem ao programa.<\/p>\n<p>&nbsp;<\/p>\n<p>Segundo Cl\u00e1udia de Jesus, a ades\u00e3o de Rond\u00f4nia \u00e9 estrat\u00e9gica e urgente, especialmente por se tratar de um estado com forte depend\u00eancia do transporte rodovi\u00e1rio e da produ\u00e7\u00e3o agropecu\u00e1ria. \u201cO aumento do diesel impacta diretamente o pre\u00e7o dos alimentos, o custo da produ\u00e7\u00e3o e a vida da popula\u00e7\u00e3o. Precisamos agir com rapidez para proteger nossa economia\u201d, destaca.<\/p>\n","protected":false},"excerpt":{"rendered":"<div class=\"mh-excerpt\"><p>Indica\u00e7\u00e3o busca garantir abastecimento, conter infla\u00e7\u00e3o e proteger produtores e consumidores. A deputada estadual Cl\u00e1udia de Jesus apresentou a Indica\u00e7\u00e3o 16467\/2026 na Assembleia Legislativa de <a class=\"mh-excerpt-more\" href=\"https:\/\/folhaderondonianews.com\/news\/2026\/04\/15\/claudia-propoe-adesao-a-regime-emergencial-para-reduzir-impacto-do-preco-dos-combustiveis\/\" title=\"Cl\u00e1udia prop\u00f5e ades\u00e3o a regime emergencial para reduzir impacto do pre\u00e7o dos combust\u00edveis\u00a0\">[&#8230;]<\/a><\/p>\n<\/div>","protected":false},"author":1,"featured_media":41580,"comment_status":"open","ping_status":"closed","sticky":false,"template":"","format":"standard","meta":{"footnotes":""},"categories":[9],"tags":[],"class_list":["post-41579","post","type-post","status-publish","format-standard","has-post-thumbnail","hentry","category-politica"],"_links":{"self":[{"href":"https:\/\/folhaderondonianews.com\/news\/wp-json\/wp\/v2\/posts\/41579","targetHints":{"allow":["GET"]}}],"collection":[{"href":"https:\/\/folhaderondonianews.com\/news\/wp-json\/wp\/v2\/posts"}],"about":[{"href":"https:\/\/folhaderondonianews.com\/news\/wp-json\/wp\/v2\/types\/post"}],"author":[{"embeddable":true,"href":"https:\/\/folhaderondonianews.com\/news\/wp-json\/wp\/v2\/users\/1"}],"replies":[{"embeddable":true,"href":"https:\/\/folhaderondonianews.com\/news\/wp-json\/wp\/v2\/comments?post=41579"}],"version-history":[{"count":1,"href":"https:\/\/folhaderondonianews.com\/news\/wp-json\/wp\/v2\/posts\/41579\/revisions"}],"predecessor-version":[{"id":41581,"href":"https:\/\/folhaderondonianews.com\/news\/wp-json\/wp\/v2\/posts\/41579\/revisions\/41581"}],"wp:featuredmedia":[{"embeddable":true,"href":"https:\/\/folhaderondonianews.com\/news\/wp-json\/wp\/v2\/media\/41580"}],"wp:attachment":[{"href":"https:\/\/folhaderondonianews.com\/news\/wp-json\/wp\/v2\/media?parent=41579"}],"wp:term":[{"taxonomy":"category","embeddable":true,"href":"https:\/\/folhaderondonianews.com\/news\/wp-json\/wp\/v2\/categories?post=41579"},{"taxonomy":"post_tag","embeddable":true,"href":"https:\/\/folhaderondonianews.com\/news\/wp-json\/wp\/v2\/tags?post=41579"}],"curies":[{"name":"wp","href":"https:\/\/api.w.org\/{rel}","templated":true}]}}