{"id":41583,"date":"2026-04-16T10:31:32","date_gmt":"2026-04-16T14:31:32","guid":{"rendered":"https:\/\/folhaderondonianews.com\/news\/?p=41583"},"modified":"2026-04-28T10:38:15","modified_gmt":"2026-04-28T14:38:15","slug":"tarifa-zero-e-proposta-de-claudia-de-jesus-para-ampliar-acesso-ao-transporte-coletivo","status":"publish","type":"post","link":"https:\/\/folhaderondonianews.com\/news\/2026\/04\/16\/tarifa-zero-e-proposta-de-claudia-de-jesus-para-ampliar-acesso-ao-transporte-coletivo\/","title":{"rendered":"Tarifa zero \u00e9 proposta de Cl\u00e1udia de Jesus para ampliar acesso ao transporte coletivo"},"content":{"rendered":"<header class=\"flex flex-col gap-2\">\n<h1 class=\"font-bold !leading-[1.1em] tracking-wide antialiased text-3xl md:text-4xl lg:text-5xl text-gray-700 dark:text-white\">Indica\u00e7\u00e3o prop\u00f5e pol\u00edtica estadual com gratuidade gradual e foco em inclus\u00e3o.<\/h1>\n<\/header>\n<div>\n<div class=\"text-xl break-words font-sans antialiased leading-relaxed tracking-normal text-gray-700 dark:text-gray-100\">\n<p>A deputada estadual Cl\u00e1udia de Jesus (PT) apresentou indica\u00e7\u00e3o ao governo do estado de Rond\u00f4nia propondo a elabora\u00e7\u00e3o de uma pol\u00edtica p\u00fablica de tarifa zero no transporte coletivo, com o objetivo de ampliar o acesso da popula\u00e7\u00e3o e promover maior inclus\u00e3o na mobilidade urbana.<\/p>\n<p>&nbsp;<\/p>\n<p>A proposta sugere que o Poder Executivo elabore e encaminhe um projeto de lei com diretrizes voltadas \u00e0 amplia\u00e7\u00e3o do acesso ao transporte, garantindo mobilidade urbana mais justa e eficiente para a popula\u00e7\u00e3o.<\/p>\n<p>&nbsp;<\/p>\n<p>De acordo com o anteprojeto, a\u00a0Tarifa Zero\u00a0consiste na gratuidade do transporte para os usu\u00e1rios no momento da utiliza\u00e7\u00e3o, com financiamento por meio de fontes alternativas que n\u00e3o dependam exclusivamente da cobran\u00e7a de passagens. A medida busca reduzir desigualdades sociais, facilitar o acesso a servi\u00e7os essenciais como sa\u00fade e educa\u00e7\u00e3o e incentivar o uso do transporte coletivo em substitui\u00e7\u00e3o aos ve\u00edculos individuais.<\/p>\n<p>&nbsp;<\/p>\n<p>Entre os principais objetivos da pol\u00edtica est\u00e3o a\u00a0melhoria da mobilidade urbana, a redu\u00e7\u00e3o da emiss\u00e3o de gases poluentes e a constru\u00e7\u00e3o de um modelo sustent\u00e1vel de financiamento do sistema. A proposta tamb\u00e9m prev\u00ea a integra\u00e7\u00e3o entre Estado e munic\u00edpios, respeitando a autonomia local, para garantir maior efici\u00eancia operacional e tarif\u00e1ria.<\/p>\n<p>&nbsp;<\/p>\n<p>Para a deputada, a iniciativa representa um avan\u00e7o importante na garantia de direitos b\u00e1sicos, promovendo inclus\u00e3o social e desenvolvimento sustent\u00e1vel em Rond\u00f4nia.<\/p>\n<p>&nbsp;<\/p>\n<\/div>\n<\/div>\n","protected":false},"excerpt":{"rendered":"<div class=\"mh-excerpt\"><p>Indica\u00e7\u00e3o prop\u00f5e pol\u00edtica estadual com gratuidade gradual e foco em inclus\u00e3o.<\/p>\n<\/div>","protected":false},"author":1,"featured_media":41584,"comment_status":"open","ping_status":"closed","sticky":false,"template":"","format":"standard","meta":{"footnotes":""},"categories":[9],"tags":[],"class_list":["post-41583","post","type-post","status-publish","format-standard","has-post-thumbnail","hentry","category-politica"],"_links":{"self":[{"href":"https:\/\/folhaderondonianews.com\/news\/wp-json\/wp\/v2\/posts\/41583","targetHints":{"allow":["GET"]}}],"collection":[{"href":"https:\/\/folhaderondonianews.com\/news\/wp-json\/wp\/v2\/posts"}],"about":[{"href":"https:\/\/folhaderondonianews.com\/news\/wp-json\/wp\/v2\/types\/post"}],"author":[{"embeddable":true,"href":"https:\/\/folhaderondonianews.com\/news\/wp-json\/wp\/v2\/users\/1"}],"replies":[{"embeddable":true,"href":"https:\/\/folhaderondonianews.com\/news\/wp-json\/wp\/v2\/comments?post=41583"}],"version-history":[{"count":1,"href":"https:\/\/folhaderondonianews.com\/news\/wp-json\/wp\/v2\/posts\/41583\/revisions"}],"predecessor-version":[{"id":41585,"href":"https:\/\/folhaderondonianews.com\/news\/wp-json\/wp\/v2\/posts\/41583\/revisions\/41585"}],"wp:featuredmedia":[{"embeddable":true,"href":"https:\/\/folhaderondonianews.com\/news\/wp-json\/wp\/v2\/media\/41584"}],"wp:attachment":[{"href":"https:\/\/folhaderondonianews.com\/news\/wp-json\/wp\/v2\/media?parent=41583"}],"wp:term":[{"taxonomy":"category","embeddable":true,"href":"https:\/\/folhaderondonianews.com\/news\/wp-json\/wp\/v2\/categories?post=41583"},{"taxonomy":"post_tag","embeddable":true,"href":"https:\/\/folhaderondonianews.com\/news\/wp-json\/wp\/v2\/tags?post=41583"}],"curies":[{"name":"wp","href":"https:\/\/api.w.org\/{rel}","templated":true}]}}