{"id":41589,"date":"2026-04-22T10:48:47","date_gmt":"2026-04-22T14:48:47","guid":{"rendered":"https:\/\/folhaderondonianews.com\/news\/?p=41589"},"modified":"2026-04-28T10:52:34","modified_gmt":"2026-04-28T14:52:34","slug":"progressao-a-servidores-cedidos-da-sesau-e-tema-de-projeta-da-deputada-claudia","status":"publish","type":"post","link":"https:\/\/folhaderondonianews.com\/news\/2026\/04\/22\/progressao-a-servidores-cedidos-da-sesau-e-tema-de-projeta-da-deputada-claudia\/","title":{"rendered":"Progress\u00e3o a servidores cedidos da Sesau \u00e9 tema de projeta da deputada Cl\u00e1udia"},"content":{"rendered":"<header class=\"flex flex-col gap-2\">\n<h1><\/h1>\n<h2 class=\"text-lg font-normal text-gray-500 lg:text-xl dark:text-gray-400\">Proposta assegura igualdade de direitos e valoriza o trabalho de servidores em exerc\u00edcio fora do \u00f3rg\u00e3o de origem.<\/h2>\n<\/header>\n<div>\n<div class=\"text-xl break-words font-sans antialiased leading-relaxed tracking-normal text-gray-700 dark:text-gray-100\">\n<p>A deputada estadual Cl\u00e1udia de Jesus (PT) protocolou um\u00a0<a href=\"https:\/\/sapl.al.ro.leg.br\/media\/sapl\/public\/materialegislativa\/2026\/55138\/pl_1.368-26.pdf\" target=\"_blank\" rel=\"noopener\"><strong>Projeto de Lei Ordin\u00e1ria<\/strong><\/a>\u00a0na Assembleia Legislativa de Rond\u00f4nia (Alero) que altera a Lei\u00a05.243, de 28 de dezembro de 2021, com o objetivo de garantir o direito \u00e0 progress\u00e3o horizontal aos servidores p\u00fablicos da Secretaria de Estado da Sa\u00fade cedidos a outros \u00f3rg\u00e3os ou entidades. A proposta busca corrigir uma distor\u00e7\u00e3o na legisla\u00e7\u00e3o atual e assegurar que esses profissionais n\u00e3o sejam prejudicados em sua evolu\u00e7\u00e3o funcional.<br \/>\nPela nova reda\u00e7\u00e3o, o servidor cedido continuar\u00e1 tendo direito \u00e0 progress\u00e3o horizontal em igualdade de condi\u00e7\u00f5es com os demais servidores em exerc\u00edcio no \u00f3rg\u00e3o de origem, desde que a cess\u00e3o esteja prevista como de efetivo exerc\u00edcio. O projeto tamb\u00e9m estabelece que a cess\u00e3o funcional n\u00e3o interrompe nem suspende o per\u00edodo aquisitivo necess\u00e1rio para a progress\u00e3o, garantindo seguran\u00e7a jur\u00eddica e valoriza\u00e7\u00e3o profissional.<br \/>\nOutro ponto importante da proposta \u00e9 a defini\u00e7\u00e3o de crit\u00e9rios para avalia\u00e7\u00e3o de desempenho do servidor cedido. O texto prev\u00ea que ser\u00e1 considerada a avalia\u00e7\u00e3o realizada pelo \u00f3rg\u00e3o onde o servidor est\u00e1 atuando ou, caso isso n\u00e3o seja poss\u00edvel, a m\u00e9dia das tr\u00eas \u00faltimas avalia\u00e7\u00f5es feitas no \u00f3rg\u00e3o de origem.<br \/>\nPara Cl\u00e1udia de Jesus, a iniciativa representa um avan\u00e7o na valoriza\u00e7\u00e3o do servi\u00e7o p\u00fablico. \u201cEstamos garantindo justi\u00e7a e reconhecimento aos servidores que continuam contribuindo com o Estado, mesmo quando est\u00e3o cedidos a outros \u00f3rg\u00e3os. \u00c9 uma medida que fortalece o funcionalismo e assegura direitos\u201d, destacou.<br \/>\nO projeto agora segue para tramita\u00e7\u00e3o nas comiss\u00f5es da Assembleia Legislativa.<\/p>\n<\/div>\n<\/div>\n","protected":false},"excerpt":{"rendered":"<div class=\"mh-excerpt\"><p>Proposta assegura igualdade de direitos e valoriza o trabalho de servidores em exerc\u00edcio fora do \u00f3rg\u00e3o de origem.<\/p>\n<\/div>","protected":false},"author":1,"featured_media":41590,"comment_status":"open","ping_status":"closed","sticky":false,"template":"","format":"standard","meta":{"footnotes":""},"categories":[9],"tags":[],"class_list":["post-41589","post","type-post","status-publish","format-standard","has-post-thumbnail","hentry","category-politica"],"_links":{"self":[{"href":"https:\/\/folhaderondonianews.com\/news\/wp-json\/wp\/v2\/posts\/41589","targetHints":{"allow":["GET"]}}],"collection":[{"href":"https:\/\/folhaderondonianews.com\/news\/wp-json\/wp\/v2\/posts"}],"about":[{"href":"https:\/\/folhaderondonianews.com\/news\/wp-json\/wp\/v2\/types\/post"}],"author":[{"embeddable":true,"href":"https:\/\/folhaderondonianews.com\/news\/wp-json\/wp\/v2\/users\/1"}],"replies":[{"embeddable":true,"href":"https:\/\/folhaderondonianews.com\/news\/wp-json\/wp\/v2\/comments?post=41589"}],"version-history":[{"count":1,"href":"https:\/\/folhaderondonianews.com\/news\/wp-json\/wp\/v2\/posts\/41589\/revisions"}],"predecessor-version":[{"id":41591,"href":"https:\/\/folhaderondonianews.com\/news\/wp-json\/wp\/v2\/posts\/41589\/revisions\/41591"}],"wp:featuredmedia":[{"embeddable":true,"href":"https:\/\/folhaderondonianews.com\/news\/wp-json\/wp\/v2\/media\/41590"}],"wp:attachment":[{"href":"https:\/\/folhaderondonianews.com\/news\/wp-json\/wp\/v2\/media?parent=41589"}],"wp:term":[{"taxonomy":"category","embeddable":true,"href":"https:\/\/folhaderondonianews.com\/news\/wp-json\/wp\/v2\/categories?post=41589"},{"taxonomy":"post_tag","embeddable":true,"href":"https:\/\/folhaderondonianews.com\/news\/wp-json\/wp\/v2\/tags?post=41589"}],"curies":[{"name":"wp","href":"https:\/\/api.w.org\/{rel}","templated":true}]}}