{"id":41595,"date":"2026-04-23T10:58:17","date_gmt":"2026-04-23T14:58:17","guid":{"rendered":"https:\/\/folhaderondonianews.com\/news\/?p=41595"},"modified":"2026-04-28T11:03:54","modified_gmt":"2026-04-28T15:03:54","slug":"com-ministro-alexandre-padilha-claudia-reforca-avancos-na-saude-de-rondonia","status":"publish","type":"post","link":"https:\/\/folhaderondonianews.com\/news\/2026\/04\/23\/com-ministro-alexandre-padilha-claudia-reforca-avancos-na-saude-de-rondonia\/","title":{"rendered":"Com ministro Alexandre Padilha, Claudia refor\u00e7a avan\u00e7os na sa\u00fade de Rond\u00f4nia"},"content":{"rendered":"<h2 class=\"text-lg font-normal text-gray-500 lg:text-xl dark:text-gray-400\">Deputada destacou constru\u00e7\u00e3o de maternidade em Ji-Paran\u00e1 e amplia\u00e7\u00e3o do SAMU 192.<\/h2>\n<p>A deputada estadual Cl\u00e1udia de Jesus (PT) participou de uma importante reuni\u00e3o com o ministro da Sa\u00fade, Alexandre Padilha, para dialogar sobre os avan\u00e7os e novos investimentos na sa\u00fade p\u00fablica do estado de Rond\u00f4nia. Durante o encontro, a parlamentar apresentou demandas estrat\u00e9gicas e acompanhou o andamento de projetos fundamentais para a regi\u00e3o central, com destaque para a constru\u00e7\u00e3o da maternidade que ser\u00e1 implantada em Ji-Paran\u00e1. A unidade ser\u00e1 essencial para ampliar o atendimento especializado e garantir mais seguran\u00e7a e dignidade \u00e0s mulheres e fam\u00edlias do estado.<\/p>\n<p>&nbsp;<\/p>\n<p>Cl\u00e1udia de Jesus tamb\u00e9m ressaltou o importante trabalho do senador Conf\u00facio Moura, que garantiu, junto ao Minist\u00e9rio da Sa\u00fade, a habilita\u00e7\u00e3o do Servi\u00e7o de Atendimento M\u00f3vel de Urg\u00eancia (SAMU 192) para os munic\u00edpios de Ji-Paran\u00e1 e Ouro Preto do Oeste. A medida representa um avan\u00e7o significativo no atendimento de urg\u00eancia e emerg\u00eancia, ampliando a cobertura e reduzindo o tempo de resposta \u00e0 popula\u00e7\u00e3o.<\/p>\n<p>&nbsp;<\/p>\n<p>O ministro destacou que o governo do presidente Luiz In\u00e1cio Lula da Silva (PT)\u00a0est\u00e1 comprometido com o fortalecimento da sa\u00fade em Rond\u00f4nia, com investimentos voltados \u00e0 amplia\u00e7\u00e3o da rede, melhoria da infraestrutura e redu\u00e7\u00e3o das desigualdades regionais.<\/p>\n<p>&nbsp;<\/p>\n","protected":false},"excerpt":{"rendered":"<div class=\"mh-excerpt\"><p>Deputada destacou constru\u00e7\u00e3o de maternidade em Ji-Paran\u00e1 e amplia\u00e7\u00e3o do SAMU 192.<\/p>\n<\/div>","protected":false},"author":1,"featured_media":41596,"comment_status":"open","ping_status":"closed","sticky":false,"template":"","format":"standard","meta":{"footnotes":""},"categories":[9],"tags":[7506,1402],"class_list":["post-41595","post","type-post","status-publish","format-standard","has-post-thumbnail","hentry","category-politica","tag-alexandre-padilha","tag-claudia-de-jesus"],"_links":{"self":[{"href":"https:\/\/folhaderondonianews.com\/news\/wp-json\/wp\/v2\/posts\/41595","targetHints":{"allow":["GET"]}}],"collection":[{"href":"https:\/\/folhaderondonianews.com\/news\/wp-json\/wp\/v2\/posts"}],"about":[{"href":"https:\/\/folhaderondonianews.com\/news\/wp-json\/wp\/v2\/types\/post"}],"author":[{"embeddable":true,"href":"https:\/\/folhaderondonianews.com\/news\/wp-json\/wp\/v2\/users\/1"}],"replies":[{"embeddable":true,"href":"https:\/\/folhaderondonianews.com\/news\/wp-json\/wp\/v2\/comments?post=41595"}],"version-history":[{"count":1,"href":"https:\/\/folhaderondonianews.com\/news\/wp-json\/wp\/v2\/posts\/41595\/revisions"}],"predecessor-version":[{"id":41597,"href":"https:\/\/folhaderondonianews.com\/news\/wp-json\/wp\/v2\/posts\/41595\/revisions\/41597"}],"wp:featuredmedia":[{"embeddable":true,"href":"https:\/\/folhaderondonianews.com\/news\/wp-json\/wp\/v2\/media\/41596"}],"wp:attachment":[{"href":"https:\/\/folhaderondonianews.com\/news\/wp-json\/wp\/v2\/media?parent=41595"}],"wp:term":[{"taxonomy":"category","embeddable":true,"href":"https:\/\/folhaderondonianews.com\/news\/wp-json\/wp\/v2\/categories?post=41595"},{"taxonomy":"post_tag","embeddable":true,"href":"https:\/\/folhaderondonianews.com\/news\/wp-json\/wp\/v2\/tags?post=41595"}],"curies":[{"name":"wp","href":"https:\/\/api.w.org\/{rel}","templated":true}]}}