{"id":41603,"date":"2026-04-30T06:16:48","date_gmt":"2026-04-30T10:16:48","guid":{"rendered":"https:\/\/folhaderondonianews.com\/news\/?p=41603"},"modified":"2026-05-02T06:30:16","modified_gmt":"2026-05-02T10:30:16","slug":"marcos-rogerio-diz-nao-a-indicacao-de-lula-ao-stf","status":"publish","type":"post","link":"https:\/\/folhaderondonianews.com\/news\/2026\/04\/30\/marcos-rogerio-diz-nao-a-indicacao-de-lula-ao-stf\/","title":{"rendered":"Marcos Rog\u00e9rio diz n\u00e3o a indica\u00e7\u00e3o de Lula ao STF"},"content":{"rendered":"<p class=\"x_MsoNormal\"><b><span style=\"font-family: arial, sans-serif; font-size: large;\" data-olk-copy-source=\"MessageBody\">Senado vota indica\u00e7\u00e3o de Jorge Messias ao STF e Marcos Rog\u00e9rio confirma voto contr\u00e1rio j\u00e1 antecipado<\/span><\/b><\/p>\n<p class=\"x_MsoNormal\" aria-hidden=\"true\">\n<p class=\"x_MsoNormal\">O senador Marcos Rog\u00e9rio (PL) reafirmou, nesta quarta-feira, seu voto contr\u00e1rio \u00e0 indica\u00e7\u00e3o de Jorge Messias ao Supremo Tribunal Federal (STF), cuja aprecia\u00e7\u00e3o ocorreu hoje no Senado Federal. A posi\u00e7\u00e3o j\u00e1 havia sido antecipada pelo parlamentar nos \u00faltimos dias, alinhada \u00e0 orienta\u00e7\u00e3o da oposi\u00e7\u00e3o.<\/p>\n<p class=\"x_MsoNormal\" aria-hidden=\"true\">\n<p class=\"x_MsoNormal\">Durante sua manifesta\u00e7\u00e3o, Marcos Rog\u00e9rio destacou que, al\u00e9m de discordar do nome indicado, tamb\u00e9m considera inadequado o momento da vota\u00e7\u00e3o. O senador citou o posicionamento do colega M\u00e1rcio Bittar, defendendo que a an\u00e1lise fosse adiada em raz\u00e3o do calend\u00e1rio eleitoral.<\/p>\n<p class=\"x_MsoNormal\" aria-hidden=\"true\">\n<p class=\"x_MsoNormal\">\u201cEstamos em ano de elei\u00e7\u00f5es. Em breve, o brasileiro ir\u00e1 \u00e0s urnas para decidir o rumo pol\u00edtico do pa\u00eds. O mais prudente seria aguardar essa decis\u00e3o popular\u201d, afirmou.<\/p>\n<p class=\"x_MsoNormal\" aria-hidden=\"true\">\n<p class=\"x_MsoNormal\">O parlamentar tamb\u00e9m fez cr\u00edticas ao Supremo Tribunal Federal, apontando o que considera uma amplia\u00e7\u00e3o do papel da Corte sobre as compet\u00eancias do Congresso Nacional. Segundo ele, decis\u00f5es monocr\u00e1ticas t\u00eam gerado impactos pol\u00edticos relevantes e estariam em desacordo com princ\u00edpios constitucionais.<\/p>\n<p class=\"x_MsoNormal\" aria-hidden=\"true\">\n<p class=\"x_MsoNormal\">Entre os exemplos citados, Marcos Rog\u00e9rio mencionou a partilha dos royalties e altera\u00e7\u00f5es relacionadas \u00e0 Lei das Estatais, sustentando que decis\u00f5es judiciais teriam revertido delibera\u00e7\u00f5es do Legislativo. \u201cA sociedade assiste a atos que, muitas vezes, substituem o papel do Congresso, sem observ\u00e2ncia do princ\u00edpio da colegialidade\u201d, declarou.<\/p>\n<p class=\"x_MsoNormal\" aria-hidden=\"true\">\n<p class=\"x_MsoNormal\">Para o senador, o debate sobre a indica\u00e7\u00e3o ao STF transcende a an\u00e1lise individual do indicado. \u201cN\u00e3o se trata de uma quest\u00e3o pessoal, mas do perfil de Supremo que queremos: uma Corte que respeite e fa\u00e7a cumprir a Constitui\u00e7\u00e3o, e n\u00e3o que a reescreva por meio de interpreta\u00e7\u00f5es\u201d, concluiu.<\/p>\n<p class=\"x_MsoNormal\" aria-hidden=\"true\">\n<p class=\"x_MsoNormal\">A vota\u00e7\u00e3o desta quarta-feira marca mais uma etapa no processo de escolha de novos ministros da Suprema Corte, em meio a um cen\u00e1rio pol\u00edtico marcado pela proximidade das elei\u00e7\u00f5es e por tens\u00f5es entre os Poderes.<\/p>\n","protected":false},"excerpt":{"rendered":"<div class=\"mh-excerpt\"><p>Senado vota indica\u00e7\u00e3o de Jorge Messias ao STF e Marcos Rog\u00e9rio confirma voto contr\u00e1rio j\u00e1 antecipado sobre a indica\u00e7\u00e3o de Lula.<\/p>\n<\/div>","protected":false},"author":1,"featured_media":41604,"comment_status":"open","ping_status":"closed","sticky":false,"template":"","format":"standard","meta":{"footnotes":""},"categories":[9],"tags":[8725,1054,297],"class_list":["post-41603","post","type-post","status-publish","format-standard","has-post-thumbnail","hentry","category-politica","tag-jorge-messias","tag-marcos-rogerio","tag-stf"],"_links":{"self":[{"href":"https:\/\/folhaderondonianews.com\/news\/wp-json\/wp\/v2\/posts\/41603","targetHints":{"allow":["GET"]}}],"collection":[{"href":"https:\/\/folhaderondonianews.com\/news\/wp-json\/wp\/v2\/posts"}],"about":[{"href":"https:\/\/folhaderondonianews.com\/news\/wp-json\/wp\/v2\/types\/post"}],"author":[{"embeddable":true,"href":"https:\/\/folhaderondonianews.com\/news\/wp-json\/wp\/v2\/users\/1"}],"replies":[{"embeddable":true,"href":"https:\/\/folhaderondonianews.com\/news\/wp-json\/wp\/v2\/comments?post=41603"}],"version-history":[{"count":1,"href":"https:\/\/folhaderondonianews.com\/news\/wp-json\/wp\/v2\/posts\/41603\/revisions"}],"predecessor-version":[{"id":41605,"href":"https:\/\/folhaderondonianews.com\/news\/wp-json\/wp\/v2\/posts\/41603\/revisions\/41605"}],"wp:featuredmedia":[{"embeddable":true,"href":"https:\/\/folhaderondonianews.com\/news\/wp-json\/wp\/v2\/media\/41604"}],"wp:attachment":[{"href":"https:\/\/folhaderondonianews.com\/news\/wp-json\/wp\/v2\/media?parent=41603"}],"wp:term":[{"taxonomy":"category","embeddable":true,"href":"https:\/\/folhaderondonianews.com\/news\/wp-json\/wp\/v2\/categories?post=41603"},{"taxonomy":"post_tag","embeddable":true,"href":"https:\/\/folhaderondonianews.com\/news\/wp-json\/wp\/v2\/tags?post=41603"}],"curies":[{"name":"wp","href":"https:\/\/api.w.org\/{rel}","templated":true}]}}