{"id":438,"date":"2013-05-16T08:48:46","date_gmt":"2013-05-16T12:48:46","guid":{"rendered":"http:\/\/folhaderondonianews.com\/news\/?p=438"},"modified":"2013-05-16T08:48:46","modified_gmt":"2013-05-16T12:48:46","slug":"deputado-busca-apoio-para-expansao-de-ensino","status":"publish","type":"post","link":"https:\/\/folhaderondonianews.com\/news\/2013\/05\/16\/deputado-busca-apoio-para-expansao-de-ensino\/","title":{"rendered":"Deputado busca apoio para expans\u00e3o de ensino"},"content":{"rendered":"<p><a href=\"https:\/\/folhaderondonianews.com\/news\/wp-content\/uploads\/2013\/05\/anselmopaim.jpg\"><img decoding=\"async\" class=\"alignleft size-full wp-image-439 lazyload\" alt=\"anselmopaim\" data-src=\"https:\/\/folhaderondonianews.com\/news\/wp-content\/uploads\/2013\/05\/anselmopaim.jpg\" width=\"300\" height=\"201\" src=\"data:image\/svg+xml;base64,PHN2ZyB3aWR0aD0iMSIgaGVpZ2h0PSIxIiB4bWxucz0iaHR0cDovL3d3dy53My5vcmcvMjAwMC9zdmciPjwvc3ZnPg==\" style=\"--smush-placeholder-width: 300px; --smush-placeholder-aspect-ratio: 300\/201;\" \/><\/a>Em reuni\u00e3o com o senador Paulo Paim (PT-RS), interlocutor no Senado Federal de mobiliza\u00e7\u00f5es em prol de pol\u00edticas educacionais afirmativas, o deputado federal, Anselmo de Jesus (PT-RO), discutiu, em Bras\u00edlia, a expans\u00e3o universit\u00e1ria no interior de Rond\u00f4nia. O deputado informou que est\u00e1 em debate em Ji-Paran\u00e1 e em outros 11 munic\u00edpios da regi\u00e3o Central do Estado a cria\u00e7\u00e3o da uma nova universidade federal no interior de Rond\u00f4nia.<br \/>\nEle ressaltou que o ensino superior dispon\u00edvel \u00e9 insuficiente para atender \u00e0 demanda al\u00e9m de apresentar consider\u00e1vel desigualdade regional.<\/p>\n<p>Atualmente, a Universidade Federal de Rond\u00f4nia (Unir) oferece 29 cursos para a unidade de Porto Velho, desses apenas oito s\u00e3o destinados ao campos de Ji-Paran\u00e1. \u201cEssa dificuldade deixa milhares de estudantes sem acesso ao ensino superior. Precisamos de apoio para que a expans\u00e3o universit\u00e1ria, que vem sendo feita pelo governo Federal, chegue \u00e0 regi\u00e3o com maior densidade demogr\u00e1fica no Estado\u201d.\u00a0De acordo com os l\u00edderes do movimento pr\u00f3-cria\u00e7\u00e3o, o atraso hist\u00f3rico no desenvolvimento de uma universidade p\u00fablica no interior de Rond\u00f4nia fica mais evidente quando comparado com outras regi\u00f5es do Pa\u00eds, onde existem munic\u00edpios com popula\u00e7\u00f5es equivalentes ou menores que Ji-Paran\u00e1 que j\u00e1 possuem universidades federais.<\/p>\n<p>O senador Paim falou sobre a disponibilidade de contribuir com a iniciativa e debater com lideran\u00e7as acad\u00eamicas e a popula\u00e7\u00e3o de Rond\u00f4nia. \u201cViajo o Brasil debatendo assuntos sociais relevantes, ser\u00e1 um prazer ir a Ji-Paran\u00e1 para participar desse momento hist\u00f3rico junto com voc\u00eas\u201d, disse o senador, que deve vir ao Estado no pr\u00f3ximo semestre. (AI)<\/p>\n","protected":false},"excerpt":{"rendered":"<div class=\"mh-excerpt\"><p>Em reuni\u00e3o com o senador Paulo Paim (PT-RS), interlocutor no Senado Federal de mobiliza\u00e7\u00f5es em prol de pol\u00edticas educacionais afirmativas, o deputado federal, Anselmo de <a class=\"mh-excerpt-more\" href=\"https:\/\/folhaderondonianews.com\/news\/2013\/05\/16\/deputado-busca-apoio-para-expansao-de-ensino\/\" title=\"Deputado busca apoio para expans\u00e3o de ensino\">[&#8230;]<\/a><\/p>\n<\/div>","protected":false},"author":1,"featured_media":0,"comment_status":"open","ping_status":"closed","sticky":false,"template":"","format":"standard","meta":{"footnotes":""},"categories":[6],"tags":[],"class_list":["post-438","post","type-post","status-publish","format-standard","hentry","category-agronegocio"],"_links":{"self":[{"href":"https:\/\/folhaderondonianews.com\/news\/wp-json\/wp\/v2\/posts\/438","targetHints":{"allow":["GET"]}}],"collection":[{"href":"https:\/\/folhaderondonianews.com\/news\/wp-json\/wp\/v2\/posts"}],"about":[{"href":"https:\/\/folhaderondonianews.com\/news\/wp-json\/wp\/v2\/types\/post"}],"author":[{"embeddable":true,"href":"https:\/\/folhaderondonianews.com\/news\/wp-json\/wp\/v2\/users\/1"}],"replies":[{"embeddable":true,"href":"https:\/\/folhaderondonianews.com\/news\/wp-json\/wp\/v2\/comments?post=438"}],"version-history":[{"count":0,"href":"https:\/\/folhaderondonianews.com\/news\/wp-json\/wp\/v2\/posts\/438\/revisions"}],"wp:attachment":[{"href":"https:\/\/folhaderondonianews.com\/news\/wp-json\/wp\/v2\/media?parent=438"}],"wp:term":[{"taxonomy":"category","embeddable":true,"href":"https:\/\/folhaderondonianews.com\/news\/wp-json\/wp\/v2\/categories?post=438"},{"taxonomy":"post_tag","embeddable":true,"href":"https:\/\/folhaderondonianews.com\/news\/wp-json\/wp\/v2\/tags?post=438"}],"curies":[{"name":"wp","href":"https:\/\/api.w.org\/{rel}","templated":true}]}}