{"id":5398,"date":"2015-08-10T12:24:00","date_gmt":"2015-08-10T16:24:00","guid":{"rendered":"http:\/\/folhaderondonianews.com\/news\/?p=5398"},"modified":"2015-08-10T12:24:00","modified_gmt":"2015-08-10T16:24:00","slug":"prova-do-concurso-de-estagio-do-mpfro-sera-aplicada-em-30-de-agosto","status":"publish","type":"post","link":"https:\/\/folhaderondonianews.com\/news\/2015\/08\/10\/prova-do-concurso-de-estagio-do-mpfro-sera-aplicada-em-30-de-agosto\/","title":{"rendered":"Prova do concurso de est\u00e1gio do MPF\/RO ser\u00e1 aplicada em 30 de agosto"},"content":{"rendered":"<p>Universit\u00e1rios inscritos no concurso de est\u00e1gio do MPF\/RO s\u00e3o convocados para realizarem as provas no dia 30 de agosto, em locais a serem divulgados pelo pr\u00f3prio \u00f3rg\u00e3o. O resultado final das avalia\u00e7\u00f5es ser\u00e1 publicada em 28 de setembro. A sele\u00e7\u00e3o dos candidatos para as \u00e1reas de Administra\u00e7\u00e3o, Jornalismo e Direito ser\u00e1 feita por meio da avalia\u00e7\u00e3o de duas provas, objetiva e discursiva. J\u00e1 os candidatos de Engenharia Civil e Inform\u00e1tica ser\u00e3o feitas somente pela avalia\u00e7\u00e3o objetiva. A prova objetiva ser\u00e1 constitu\u00edda por 40 quest\u00f5es de m\u00faltipla escolha.<\/p>\n<p>Estudantes dever\u00e3o comparecer no local da prova com anteced\u00eancia m\u00ednima de trinta minutos, munidos de caneta esferogr\u00e1fica azul ou preta fabricada em material transparente, documento de identifica\u00e7\u00e3o original com foto e comprovante de inscri\u00e7\u00e3o definitiva. O fechamento dos port\u00f5es ser\u00e1 realizado \u00e0s 8h. O candidato ter\u00e1 cinco horas improrrog\u00e1veis para a resolu\u00e7\u00e3o das provas.<\/p>\n<p>S\u00e3o 31 vagas s\u00e3o para Porto Velho (todas as \u00e1reas) e para Vilhena (curso de Direito), com bolsa correspondente a 850 reais e aux\u00edlio-transporte no valor de R$ 7,00 por dia estagiado. O est\u00e1gio \u00e9 de 20 horas semanais. Os candidatos podem disputar as vagas de ampla concorr\u00eancia, de cotas para pessoas com defici\u00eancia ou de cotas para pessoas integrantes de minorias \u00e9tnico-raciais. Ser\u00e3o formados tr\u00eas tipos de cadastros de reserva, um para cada grupo de concorr\u00eancia.<\/p>\n<p>&nbsp;<\/p>\n<p style=\"margin-bottom: 0.1cm; orphans: 0; widows: 0; margin-top: 0.1cm; line-height: 150%;\" align=\"justify\"><span style=\"font-size: medium;\"><span style=\"font-family: Arial, sans-serif;\">Fonte: MPF\/RO (<\/span><span style=\"color: #000080;\"><u><a href=\"http:\/\/www.prro.mpf.gov.br\/\" target=\"_top\"><span style=\"font-family: Arial, sans-serif;\">www.prro.mpf.mp.br<\/span><\/a><\/u><\/span><span style=\"font-family: Arial, sans-serif;\">) <\/span><\/span><\/p>\n","protected":false},"excerpt":{"rendered":"<div class=\"mh-excerpt\"><p>Universit\u00e1rios inscritos no concurso de est\u00e1gio do MPF\/RO s\u00e3o convocados para realizarem as provas no dia 30 de agosto, em locais a serem divulgados pelo <a class=\"mh-excerpt-more\" href=\"https:\/\/folhaderondonianews.com\/news\/2015\/08\/10\/prova-do-concurso-de-estagio-do-mpfro-sera-aplicada-em-30-de-agosto\/\" title=\"Prova do concurso de est\u00e1gio do MPF\/RO ser\u00e1 aplicada em 30 de agosto\">[&#8230;]<\/a><\/p>\n<\/div>","protected":false},"author":1,"featured_media":0,"comment_status":"open","ping_status":"closed","sticky":false,"template":"","format":"standard","meta":{"footnotes":""},"categories":[3],"tags":[],"class_list":["post-5398","post","type-post","status-publish","format-standard","hentry","category-cotidiano"],"_links":{"self":[{"href":"https:\/\/folhaderondonianews.com\/news\/wp-json\/wp\/v2\/posts\/5398","targetHints":{"allow":["GET"]}}],"collection":[{"href":"https:\/\/folhaderondonianews.com\/news\/wp-json\/wp\/v2\/posts"}],"about":[{"href":"https:\/\/folhaderondonianews.com\/news\/wp-json\/wp\/v2\/types\/post"}],"author":[{"embeddable":true,"href":"https:\/\/folhaderondonianews.com\/news\/wp-json\/wp\/v2\/users\/1"}],"replies":[{"embeddable":true,"href":"https:\/\/folhaderondonianews.com\/news\/wp-json\/wp\/v2\/comments?post=5398"}],"version-history":[{"count":0,"href":"https:\/\/folhaderondonianews.com\/news\/wp-json\/wp\/v2\/posts\/5398\/revisions"}],"wp:attachment":[{"href":"https:\/\/folhaderondonianews.com\/news\/wp-json\/wp\/v2\/media?parent=5398"}],"wp:term":[{"taxonomy":"category","embeddable":true,"href":"https:\/\/folhaderondonianews.com\/news\/wp-json\/wp\/v2\/categories?post=5398"},{"taxonomy":"post_tag","embeddable":true,"href":"https:\/\/folhaderondonianews.com\/news\/wp-json\/wp\/v2\/tags?post=5398"}],"curies":[{"name":"wp","href":"https:\/\/api.w.org\/{rel}","templated":true}]}}