{"id":5402,"date":"2015-08-10T12:52:45","date_gmt":"2015-08-10T16:52:45","guid":{"rendered":"http:\/\/folhaderondonianews.com\/news\/?p=5402"},"modified":"2015-08-10T12:52:45","modified_gmt":"2015-08-10T16:52:45","slug":"inscricao-para-chamada-publica-e-adiada-em-7-estados","status":"publish","type":"post","link":"https:\/\/folhaderondonianews.com\/news\/2015\/08\/10\/inscricao-para-chamada-publica-e-adiada-em-7-estados\/","title":{"rendered":"Inscri\u00e7\u00e3o para chamada p\u00fablica \u00e9 adiada em 7 estados"},"content":{"rendered":"<div class=\"moz-forward-container\">\n<div class=\"moz-forward-container\">\n<div class=\"moz-forward-container\">\n<div class=\"moz-forward-container\">\n<div class=\"moz-forward-container\">\n<div class=\"moz-forward-container\">\n<div class=\"moz-forward-container\">\n<div class=\"moz-forward-container\">\n<div class=\"moz-forward-container\">\n<div class=\"moz-forward-container\">\n<div class=\"moz-forward-container\">\n<div class=\"moz-forward-container\">\n<div class=\"moz-forward-container\">\n<div class=\"moz-forward-container\">\n<div class=\"moz-forward-container\">\n<div class=\"moz-forward-container\">\n<div class=\"moz-forward-container\">\n<div class=\"moz-forward-container\">\n<div class=\"moz-forward-container\">\n<div class=\"moz-forward-container\">\n<div class=\"moz-forward-container\">\n<div class=\"moz-forward-container\">\n<div class=\"moz-forward-container\">\n<div class=\"moz-forward-container\">\n<div class=\"moz-forward-container\">\n<div class=\"moz-forward-container\">\n<div class=\"moz-forward-container\">\n<div class=\"moz-forward-container\">\n<div class=\"moz-forward-container\">\n<div class=\"moz-forward-container\">\n<div class=\"moz-forward-container\">\n<div class=\"moz-forward-container\">\n<div class=\"moz-forward-container\">\n<div class=\"moz-forward-container\">\n<div class=\"moz-forward-container\">\n<div class=\"moz-forward-container\">\n<div class=\"moz-forward-container\">\n<div class=\"moz-forward-container\">\n<div class=\"moz-forward-container\">\n<div>\n<div align=\"center\">\n<table border=\"1\" width=\"500\" cellspacing=\"0\" cellpadding=\"10\">\n<tbody>\n<tr>\n<td>\n<div align=\"justify\">\n<div align=\"center\">\n<p style=\"text-align: left;\" align=\"justify\">As inscri\u00e7\u00f5es para participar da chamada p\u00fablica para compra institucional realizada pela Companhia Nacional de Abastecimento (Conab) teve a data alterada em sete estados brasileiros. Os agricultores familiares da Bahia, Maranh\u00e3o, Minas Gerais, <strong>Rond\u00f4nia<\/strong>, S\u00e3o Paulo, Amazonas e Santa Catarina devem estar atentos, pois as propostas de venda dos produtos t\u00eam in\u00edcio nesta ter\u00e7a (11) e segue at\u00e9 as 12h do dia 24 deste m\u00eas. O prazo foi ampliado de acordo com a data de publica\u00e7\u00e3o nos estados. Com isso, a apresenta\u00e7\u00e3o de recursos, ainda neste m\u00eas, passa para os dias 25 e 26, a formaliza\u00e7\u00e3o dos contratos de 27 a 31 e entrega da mercadoria adquirida at\u00e9 30 de setembro.<\/p>\n<p>J\u00e1 nos demais estados (Alagoas, Cear\u00e1, Distrito Federal, Goi\u00e1s, Mato Grosso do Sul, Pernambuco, Paran\u00e1 e Rio Grande do Sul) vale o cronograma j\u00e1 divulgado, no qual determina como prazo final de inscri\u00e7\u00f5es para dia 17 deste m\u00eas.<\/p>\n<p>A Conab vai adquirir 3,5 mil toneladas de produtos como arroz, farinha de trigo, macarr\u00e3o, farinha de mandioca, fub\u00e1 de milho, feij\u00e3o e a\u00e7\u00facar. Os produtos ser\u00e3o entregues a 15 estados para distribui\u00e7\u00e3o a popula\u00e7\u00f5es que se encontram em situa\u00e7\u00e3o de inseguran\u00e7a alimentar, conforme determina\u00e7\u00e3o do edital da Chamada P\u00fablica.<\/p>\n<p>A compra ser\u00e1 realizada por meio das superintend\u00eancias regionais da Companhia. Mais informa\u00e7\u00f5es podem ser obtidas nas regionais da Conab ou no <a href=\"http:\/\/www.conab.gov.br\/conteudos.php?a=1451&amp;t=2\">site da Companhia<\/a>.<\/p>\n<\/div>\n<\/div>\n<\/td>\n<\/tr>\n<\/tbody>\n<\/table>\n<\/div>\n<\/div>\n<\/div>\n<\/div>\n<\/div>\n<\/div>\n<\/div>\n<\/div>\n<\/div>\n<\/div>\n<\/div>\n<\/div>\n<\/div>\n<\/div>\n<\/div>\n<\/div>\n<\/div>\n<\/div>\n<\/div>\n<\/div>\n<\/div>\n<\/div>\n<\/div>\n<\/div>\n<\/div>\n<\/div>\n<\/div>\n<\/div>\n<\/div>\n<\/div>\n<\/div>\n<\/div>\n<\/div>\n<\/div>\n<\/div>\n<\/div>\n<\/div>\n<\/div>\n<\/div>\n<\/div>\n<\/div>\n","protected":false},"excerpt":{"rendered":"<div class=\"mh-excerpt\"><p>As inscri\u00e7\u00f5es para participar da chamada p\u00fablica para compra institucional realizada pela Companhia Nacional de Abastecimento (Conab) teve a data alterada em sete estados brasileiros. <a class=\"mh-excerpt-more\" href=\"https:\/\/folhaderondonianews.com\/news\/2015\/08\/10\/inscricao-para-chamada-publica-e-adiada-em-7-estados\/\" title=\"Inscri\u00e7\u00e3o para chamada p\u00fablica \u00e9 adiada em 7 estados\">[&#8230;]<\/a><\/p>\n<\/div>","protected":false},"author":1,"featured_media":0,"comment_status":"open","ping_status":"closed","sticky":false,"template":"","format":"standard","meta":{"footnotes":""},"categories":[6],"tags":[],"class_list":["post-5402","post","type-post","status-publish","format-standard","hentry","category-agronegocio"],"_links":{"self":[{"href":"https:\/\/folhaderondonianews.com\/news\/wp-json\/wp\/v2\/posts\/5402","targetHints":{"allow":["GET"]}}],"collection":[{"href":"https:\/\/folhaderondonianews.com\/news\/wp-json\/wp\/v2\/posts"}],"about":[{"href":"https:\/\/folhaderondonianews.com\/news\/wp-json\/wp\/v2\/types\/post"}],"author":[{"embeddable":true,"href":"https:\/\/folhaderondonianews.com\/news\/wp-json\/wp\/v2\/users\/1"}],"replies":[{"embeddable":true,"href":"https:\/\/folhaderondonianews.com\/news\/wp-json\/wp\/v2\/comments?post=5402"}],"version-history":[{"count":0,"href":"https:\/\/folhaderondonianews.com\/news\/wp-json\/wp\/v2\/posts\/5402\/revisions"}],"wp:attachment":[{"href":"https:\/\/folhaderondonianews.com\/news\/wp-json\/wp\/v2\/media?parent=5402"}],"wp:term":[{"taxonomy":"category","embeddable":true,"href":"https:\/\/folhaderondonianews.com\/news\/wp-json\/wp\/v2\/categories?post=5402"},{"taxonomy":"post_tag","embeddable":true,"href":"https:\/\/folhaderondonianews.com\/news\/wp-json\/wp\/v2\/tags?post=5402"}],"curies":[{"name":"wp","href":"https:\/\/api.w.org\/{rel}","templated":true}]}}