{"id":5404,"date":"2015-08-10T14:45:31","date_gmt":"2015-08-10T18:45:31","guid":{"rendered":"http:\/\/folhaderondonianews.com\/news\/?p=5404"},"modified":"2015-08-10T14:55:37","modified_gmt":"2015-08-10T18:55:37","slug":"azul-solicita-a-anac-liberacao-para-mais-um-voo-entre-cuiaba-e-cacoal","status":"publish","type":"post","link":"https:\/\/folhaderondonianews.com\/news\/2015\/08\/10\/azul-solicita-a-anac-liberacao-para-mais-um-voo-entre-cuiaba-e-cacoal\/","title":{"rendered":"Azul solicita \u00e0 Anac libera\u00e7\u00e3o para mais um voo entre Cuiab\u00e1 e Cacoal"},"content":{"rendered":"<p>Olhardireto.com &#8211;\u00a0De Sinop \u00a0Alexandre Alves &#8211; A Azul Linhas A\u00e9reas solicitou, \u00e0 Ag\u00eancia Nacional de Avia\u00e7\u00e3o Civil (Anac), autoriza\u00e7\u00e3o para implantar mais um voo atendendo os estados de <a class=\"corpo_noticialink\" title=\"Mato Grosso\" href=\"http:\/\/www.cenariomt.com.br\/mato-grosso\/\" name=\"Not\u00edcias de Mato Grosso\">Mato Grosso<\/a> e Rond\u00f4nia. O pedido fora protocolizado esta semana e est\u00e1 sob a an\u00e1lise do \u00f3rg\u00e3o regulador.<br \/>\nConforme a planilha apresentada pela companhia a\u00e9rea, a inten\u00e7\u00e3o \u00e9 come\u00e7ar a operar uma rota entre <a class=\"corpo_noticialink\" title=\"Cuiab\u00e1\" href=\"http:\/\/www.cenariomt.com.br\/cuiaba\/\" name=\"Not\u00edcias de Cuiab\u00e1\">Cuiab\u00e1<\/a> e Cacoal (479 km a Leste de Porto Velho \u2013 j\u00e1 na divisa com <a class=\"corpo_noticialink\" title=\"Mato Grosso\" href=\"http:\/\/www.cenariomt.com.br\/mato-grosso\/\" name=\"Not\u00edcias de Mato Grosso\">Mato Grosso<\/a>), a partir do dia 1\u00ba de outubro deste ano, com um avi\u00e3o Embraer 190. A aeronave possui capacidade para 86 passageiros.<\/p>\n<p>A frequ\u00eancia ser\u00e1 di\u00e1ria e o avi\u00e3o vai decolar \u00e0s 13h07 do Aeroporto Internacional Marechal Rondon, com pouso previsto para as 14h30 na cidade rondoniense. O retorno ocorrer\u00e1 com decolagem \u00e0s 15h e chegada em V\u00e1rzea Grande \u00e0s 16h24.<br \/>\nA Azul est\u00e1 ampliando sua atua\u00e7\u00e3o em <a class=\"corpo_noticialink\" title=\"Mato Grosso\" href=\"http:\/\/www.cenariomt.com.br\/mato-grosso\/\" name=\"Not\u00edcias de Mato Grosso\">Mato Grosso<\/a>, visando o fortalecimento da avia\u00e7\u00e3o regional e tamb\u00e9m como estrat\u00e9gia de mercado, buscando novas rotas em cidades de m\u00e9dio porte, que sejam polos regionais. Na \u00faltima segunda-feira (3), a empresa come\u00e7ou voos entre <a class=\"corpo_noticialink\" title=\"Cuiab\u00e1\" href=\"http:\/\/www.cenariomt.com.br\/cuiaba\/\" name=\"Not\u00edcias de Cuiab\u00e1\">Cuiab\u00e1<\/a> e Ribeir\u00e3o Preto (SP) e tamb\u00e9m entre Rondon\u00f3polis e Campinas (SP).<\/p>\n","protected":false},"excerpt":{"rendered":"<div class=\"mh-excerpt\"><p>Olhardireto.com &#8211;\u00a0De Sinop \u00a0Alexandre Alves &#8211; A Azul Linhas A\u00e9reas solicitou, \u00e0 Ag\u00eancia Nacional de Avia\u00e7\u00e3o Civil (Anac), autoriza\u00e7\u00e3o para implantar mais um voo atendendo <a class=\"mh-excerpt-more\" href=\"https:\/\/folhaderondonianews.com\/news\/2015\/08\/10\/azul-solicita-a-anac-liberacao-para-mais-um-voo-entre-cuiaba-e-cacoal\/\" title=\"Azul solicita \u00e0 Anac libera\u00e7\u00e3o para mais um voo entre Cuiab\u00e1 e Cacoal\">[&#8230;]<\/a><\/p>\n<\/div>","protected":false},"author":1,"featured_media":0,"comment_status":"open","ping_status":"closed","sticky":false,"template":"","format":"standard","meta":{"footnotes":""},"categories":[8],"tags":[],"class_list":["post-5404","post","type-post","status-publish","format-standard","hentry","category-coluna-do-gutierrez"],"_links":{"self":[{"href":"https:\/\/folhaderondonianews.com\/news\/wp-json\/wp\/v2\/posts\/5404","targetHints":{"allow":["GET"]}}],"collection":[{"href":"https:\/\/folhaderondonianews.com\/news\/wp-json\/wp\/v2\/posts"}],"about":[{"href":"https:\/\/folhaderondonianews.com\/news\/wp-json\/wp\/v2\/types\/post"}],"author":[{"embeddable":true,"href":"https:\/\/folhaderondonianews.com\/news\/wp-json\/wp\/v2\/users\/1"}],"replies":[{"embeddable":true,"href":"https:\/\/folhaderondonianews.com\/news\/wp-json\/wp\/v2\/comments?post=5404"}],"version-history":[{"count":0,"href":"https:\/\/folhaderondonianews.com\/news\/wp-json\/wp\/v2\/posts\/5404\/revisions"}],"wp:attachment":[{"href":"https:\/\/folhaderondonianews.com\/news\/wp-json\/wp\/v2\/media?parent=5404"}],"wp:term":[{"taxonomy":"category","embeddable":true,"href":"https:\/\/folhaderondonianews.com\/news\/wp-json\/wp\/v2\/categories?post=5404"},{"taxonomy":"post_tag","embeddable":true,"href":"https:\/\/folhaderondonianews.com\/news\/wp-json\/wp\/v2\/tags?post=5404"}],"curies":[{"name":"wp","href":"https:\/\/api.w.org\/{rel}","templated":true}]}}