{"id":5407,"date":"2015-08-10T15:05:32","date_gmt":"2015-08-10T19:05:32","guid":{"rendered":"http:\/\/folhaderondonianews.com\/news\/?p=5407"},"modified":"2015-08-10T15:05:32","modified_gmt":"2015-08-10T19:05:32","slug":"camara-aprova-prazo-minimo-de-tres-anos-para-prescricao-de-milhas-aereas","status":"publish","type":"post","link":"https:\/\/folhaderondonianews.com\/news\/2015\/08\/10\/camara-aprova-prazo-minimo-de-tres-anos-para-prescricao-de-milhas-aereas\/","title":{"rendered":"C\u00e2mara aprova prazo m\u00ednimo de tr\u00eas anos para prescri\u00e7\u00e3o de milhas a\u00e9reas"},"content":{"rendered":"<p>A Comiss\u00e3o de Constitui\u00e7\u00e3o e Justi\u00e7a e de Cidadania da C\u00e2mara aprovou, em <span class=\"termoGlossario\">car\u00e1ter conclusivo<\/span>, proposta que determina que o prazo de validade dos pontos resultantes de voos realizados por companhias a\u00e9reas (milhas) ser\u00e1 de, no m\u00ednimo, tr\u00eas anos, contados a partir da data em que foram creditados. Hoje, os vencimentos dos pontos e milhas variam de acordo com as regras de cada programa.<\/p>\n<p>J\u00e1 o prazo m\u00ednimo para a prescri\u00e7\u00e3o dos pontos acumulados em programas de fidelidade mantidos por empresas de bens e servi\u00e7os ser\u00e1 de dois anos.<\/p>\n<p>O texto pro\u00edbe tamb\u00e9m a exig\u00eancia de saldo m\u00ednimo para transfer\u00eancia entre parceiros de um mesmo programa de fidelidade. Ainda conforme a proposta, as empresas ter\u00e3o a obriga\u00e7\u00e3o de avisar ao consumidor com pelo menos 60 dias de anteced\u00eancia o vencimento de seus pontos. O fornecedor que n\u00e3o cumprir as medidas dever\u00e1 reestabelecer a conta do consumidor e creditar os pontos prescritos ou expirados, acrescidos de multa de 20% em pontos.<\/p>\n<p>As medidas est\u00e3o previstas no <a href=\"http:\/\/www2.camara.leg.br\/camaranoticias\/noticias\/CONSUMIDOR\/479898-COMISSAO-APROVA-PRAZO-MINIMO-DE-TRES-ANOS-PARA-PRESCRICAO-DE-MILHAS-AEREAS.html\" target=\"_blank\">substitutivo<\/a> da Comiss\u00e3o de Defesa do Consumidor ao Projeto de Lei <a href=\"http:\/\/www2.camara.leg.br\/camaranoticias\/noticias\/CONSUMIDOR\/427109-PROJETO-PROIBE-PRESCRICAO-DE-PONTOS-EM-PROGRAMAS-DE-FIDELIDADE.html\" target=\"_blank\">4015\/12<\/a>, do deputado Carlos Bezerra (PMDB-MT), que recebeu parecer favor\u00e1vel do relator na CCJ, deputado Efraim Filho (DEM-PB). O relator apresentou apenas subemenda de reda\u00e7\u00e3o.<\/p>\n<p>A proposta segue para o Senado, a n\u00e3o ser que haja recurso para a vota\u00e7\u00e3o da mat\u00e9ria pelo Plen\u00e1rio da C\u00e2mara.<\/p>\n","protected":false},"excerpt":{"rendered":"<div class=\"mh-excerpt\"><p>A Comiss\u00e3o de Constitui\u00e7\u00e3o e Justi\u00e7a e de Cidadania da C\u00e2mara aprovou, em car\u00e1ter conclusivo, proposta que determina que o prazo de validade dos pontos <a class=\"mh-excerpt-more\" href=\"https:\/\/folhaderondonianews.com\/news\/2015\/08\/10\/camara-aprova-prazo-minimo-de-tres-anos-para-prescricao-de-milhas-aereas\/\" title=\"C\u00e2mara aprova prazo m\u00ednimo de tr\u00eas anos para prescri\u00e7\u00e3o de milhas a\u00e9reas\">[&#8230;]<\/a><\/p>\n<\/div>","protected":false},"author":1,"featured_media":0,"comment_status":"open","ping_status":"closed","sticky":false,"template":"","format":"standard","meta":{"footnotes":""},"categories":[5],"tags":[],"class_list":["post-5407","post","type-post","status-publish","format-standard","hentry","category-brasil"],"_links":{"self":[{"href":"https:\/\/folhaderondonianews.com\/news\/wp-json\/wp\/v2\/posts\/5407","targetHints":{"allow":["GET"]}}],"collection":[{"href":"https:\/\/folhaderondonianews.com\/news\/wp-json\/wp\/v2\/posts"}],"about":[{"href":"https:\/\/folhaderondonianews.com\/news\/wp-json\/wp\/v2\/types\/post"}],"author":[{"embeddable":true,"href":"https:\/\/folhaderondonianews.com\/news\/wp-json\/wp\/v2\/users\/1"}],"replies":[{"embeddable":true,"href":"https:\/\/folhaderondonianews.com\/news\/wp-json\/wp\/v2\/comments?post=5407"}],"version-history":[{"count":0,"href":"https:\/\/folhaderondonianews.com\/news\/wp-json\/wp\/v2\/posts\/5407\/revisions"}],"wp:attachment":[{"href":"https:\/\/folhaderondonianews.com\/news\/wp-json\/wp\/v2\/media?parent=5407"}],"wp:term":[{"taxonomy":"category","embeddable":true,"href":"https:\/\/folhaderondonianews.com\/news\/wp-json\/wp\/v2\/categories?post=5407"},{"taxonomy":"post_tag","embeddable":true,"href":"https:\/\/folhaderondonianews.com\/news\/wp-json\/wp\/v2\/tags?post=5407"}],"curies":[{"name":"wp","href":"https:\/\/api.w.org\/{rel}","templated":true}]}}