{"id":5409,"date":"2015-08-10T15:27:47","date_gmt":"2015-08-10T19:27:47","guid":{"rendered":"http:\/\/folhaderondonianews.com\/news\/?p=5409"},"modified":"2015-08-10T15:27:47","modified_gmt":"2015-08-10T19:27:47","slug":"infraero-parabeniza-sistema-fecomercio-por-iniciativa-na-criacao-do-conselho-empresarial-de-turismo","status":"publish","type":"post","link":"https:\/\/folhaderondonianews.com\/news\/2015\/08\/10\/infraero-parabeniza-sistema-fecomercio-por-iniciativa-na-criacao-do-conselho-empresarial-de-turismo\/","title":{"rendered":"Infraero parabeniza Sistema Fecom\u00e9rcio por iniciativa  na cria\u00e7\u00e3o do Conselho Empresarial de Turismo"},"content":{"rendered":"<p>&nbsp;<\/p>\n<p>A gerente Executiva da Fecom\u00e9rcio, Cileide Macedo, esteve nesta sexta-feira (07\/08) reunida com o superintendente regional da Empresa Brasileira de Infraestrutura Aeroportu\u00e1ria (Infraero), Carlos Alberto de Menezes, quando se inteirou do processo de alfandegamento do aeroporto Jorge Teixeira e aproveitou para convidar o gestor a participar da solenidade de lan\u00e7amento do Conselho Empresarial de Turismo (Conetur), no pr\u00f3ximo dia 27 de agosto, em Porto Velho, no Teatro Um do Sesc.<\/p>\n<p>A gerente Executiva informou ao superintendente que o Conetur \u00e9 uma iniciativa importante para fortalecer e fomentar o turismo no Estado, o que ir\u00e1 beneficiar diretamente a Infraero uma vez que a tend\u00eancia seria de aumento no tr\u00e2nsito de turistas principalmente no aeroporto. \u201cO Conselho re\u00fane as principais entidades do segmento no Estado e tamb\u00e9m \u00f3rg\u00e3os governamentais o que ir\u00e1 favorecer e agilizar as iniciativas e as tomadas de decis\u00f5es, importante para se desenvolver o trade de turismo\u201d, observou Cileide Macedo.<\/p>\n<p>O superintendente confirmou a participa\u00e7\u00e3o no evento e garantiu que a Infraero vai ser parceira do Conetur.<\/p>\n<p>Sobre o alfandegamento, Carlos Menezes explicou que j\u00e1 foram remetidas todas as documenta\u00e7\u00f5es exigidas pela Receita Federal do Par\u00e1 (unidade regional respons\u00e1vel por este procedimento na regi\u00e3o Norte), e que agora est\u00e1 sendo aguardado o parecer sobre o processo. Atualmente, segundo ele, est\u00e3o sendo operados 28 voos diariamente no aeroporto Jorge Teixeira, com uma expectativa de aumento a partir da internacionaliza\u00e7\u00e3o.<\/p>\n<p>Segundo Carlos Menezes, a estrutura da \u00e1rea onde funcionar\u00e1 o embarque e desembarque dos voos internacionais, com raio-x, esteira, cabine de inspe\u00e7\u00e3o e outros instrumentos exigidos numa \u00e1rea de alfandega, j\u00e1 est\u00e1 conclu\u00edda, aguardando somente a autoriza\u00e7\u00e3o para funcionar. \u201cEstamos mantendo conversa\u00e7\u00f5es com os superintendentes da Receita e Pol\u00edcia Federal e devemos formatar uma alfandega para atender inicialmente de dois a quatro voos internacionais. Duas empresas da Bol\u00edvia j\u00e1 apresentaram interesse em operar aqui no Estado\u201d, comentou.<\/p>\n<p>Cileide Macedo destacou que o alfandegamento do Jorge Teixeira \u00e9 importante para impulsionar o turismo internacional e o interc\u00e2mbio comercial, especialmente com a vinda de turistas de pa\u00edses vizinhos para conhecer o Estado, e facilitar as viagens de neg\u00f3cios, ou seja, importar e exportar produtos dos pa\u00edses andinos.<\/p>\n","protected":false},"excerpt":{"rendered":"<div class=\"mh-excerpt\"><p>&nbsp; A gerente Executiva da Fecom\u00e9rcio, Cileide Macedo, esteve nesta sexta-feira (07\/08) reunida com o superintendente regional da Empresa Brasileira de Infraestrutura Aeroportu\u00e1ria (Infraero), Carlos <a class=\"mh-excerpt-more\" href=\"https:\/\/folhaderondonianews.com\/news\/2015\/08\/10\/infraero-parabeniza-sistema-fecomercio-por-iniciativa-na-criacao-do-conselho-empresarial-de-turismo\/\" title=\"Infraero parabeniza Sistema Fecom\u00e9rcio por iniciativa  na cria\u00e7\u00e3o do Conselho Empresarial de Turismo\">[&#8230;]<\/a><\/p>\n<\/div>","protected":false},"author":1,"featured_media":0,"comment_status":"open","ping_status":"closed","sticky":false,"template":"","format":"standard","meta":{"footnotes":""},"categories":[5],"tags":[],"class_list":["post-5409","post","type-post","status-publish","format-standard","hentry","category-brasil"],"_links":{"self":[{"href":"https:\/\/folhaderondonianews.com\/news\/wp-json\/wp\/v2\/posts\/5409","targetHints":{"allow":["GET"]}}],"collection":[{"href":"https:\/\/folhaderondonianews.com\/news\/wp-json\/wp\/v2\/posts"}],"about":[{"href":"https:\/\/folhaderondonianews.com\/news\/wp-json\/wp\/v2\/types\/post"}],"author":[{"embeddable":true,"href":"https:\/\/folhaderondonianews.com\/news\/wp-json\/wp\/v2\/users\/1"}],"replies":[{"embeddable":true,"href":"https:\/\/folhaderondonianews.com\/news\/wp-json\/wp\/v2\/comments?post=5409"}],"version-history":[{"count":0,"href":"https:\/\/folhaderondonianews.com\/news\/wp-json\/wp\/v2\/posts\/5409\/revisions"}],"wp:attachment":[{"href":"https:\/\/folhaderondonianews.com\/news\/wp-json\/wp\/v2\/media?parent=5409"}],"wp:term":[{"taxonomy":"category","embeddable":true,"href":"https:\/\/folhaderondonianews.com\/news\/wp-json\/wp\/v2\/categories?post=5409"},{"taxonomy":"post_tag","embeddable":true,"href":"https:\/\/folhaderondonianews.com\/news\/wp-json\/wp\/v2\/tags?post=5409"}],"curies":[{"name":"wp","href":"https:\/\/api.w.org\/{rel}","templated":true}]}}