{"id":5415,"date":"2015-08-10T21:21:05","date_gmt":"2015-08-11T01:21:05","guid":{"rendered":"http:\/\/folhaderondonianews.com\/news\/?p=5415"},"modified":"2015-08-10T21:21:05","modified_gmt":"2015-08-11T01:21:05","slug":"transposicao-justica-determina-que-inativos-e-pensionistas-sejam-transpostos","status":"publish","type":"post","link":"https:\/\/folhaderondonianews.com\/news\/2015\/08\/10\/transposicao-justica-determina-que-inativos-e-pensionistas-sejam-transpostos\/","title":{"rendered":"Transposi\u00e7\u00e3o: Justi\u00e7a determina que inativos e pensionistas sejam transpostos"},"content":{"rendered":"<figure id=\"attachment_10116\" aria-describedby=\"caption-attachment-10116\" style=\"width: 278px\" class=\"wp-caption alignleft\"><a href=\"http:\/\/www.sinjur.org.br\/noticias\/transposicao-acao-do-sinjur-e-julgada-procedente-justica-determina-que-inativos-e-pensionistas-sejam-transpostos-20150807-10113.html\/attachment\/roque_diego\" rel=\"attachment wp-att-10116\"><img decoding=\"async\" class=\"wp-image-10116 lazyload\" title=\"roque_diego\" data-src=\"http:\/\/www.sinjur.org.br\/midia\/2015\/08\/roque_diego-1024x768.jpg\" alt=\"\" width=\"278\" height=\"209\" src=\"data:image\/svg+xml;base64,PHN2ZyB3aWR0aD0iMSIgaGVpZ2h0PSIxIiB4bWxucz0iaHR0cDovL3d3dy53My5vcmcvMjAwMC9zdmciPjwvc3ZnPg==\" style=\"--smush-placeholder-width: 278px; --smush-placeholder-aspect-ratio: 278\/209;\" \/><\/a><figcaption id=\"caption-attachment-10116\" class=\"wp-caption-text\">Advogado Diego Vasconcelos informa ao Roque o \u00eaxito da a\u00e7\u00e3o judicial<\/figcaption><\/figure>\n<p>Em mais uma vit\u00f3ria dos trabalhadores do TJRO, conquistada pelo Sinjur, a Justi\u00e7a Federal determinou que a Uni\u00e3o promova a transposi\u00e7\u00e3o dos inativos e pensionistas (no prazo de 120 dias) que estavam em atividade at\u00e9 a data de 31 de dezembro de 1991.<\/p>\n<p>A senten\u00e7a judicial determina ainda que sejam pagos retroativamente, as diferen\u00e7as remunerat\u00f3rias desde a data da vig\u00eancia da Emenda Constitucional 60\/2009 (12\/11\/2009), com juros e corre\u00e7\u00e3o monet\u00e1ria.<\/p>\n<p>Essa decis\u00e3o da Justi\u00e7a Federal atende a a\u00e7\u00e3o impetrada pelo Sindicato dos Trabalhadores no Poder Judici\u00e1rio do Estado de Rond\u00f4nia (Sinjur), representado pelo advogado Diego Vasconcelos.<\/p>\n<p>Foi concedida ainda a antecipa\u00e7\u00e3o da tutela para que a Uni\u00e3o fa\u00e7a a transposi\u00e7\u00e3o dos servidores no prazo m\u00e1ximo de 120 dias, sob pena de multa di\u00e1ria pelo n\u00e3o cumprimento da decis\u00e3o.<\/p>\n<p>\u201c\u00c9 uma grande conquista, os trabalhadores do TJRO est\u00e3o de parab\u00e9ns, o Sinjur est\u00e1 de parab\u00e9ns. Essa decis\u00e3o \u00e9 uma quest\u00e3o de justi\u00e7a social, de reconhecimento dos desbravadores e colonizadores do nosso Estado de Rond\u00f4nia\u201d, comemorou o advogado Diego Vasconcelos.<\/p>\n<p>\u201cNo m\u00eas de abril j\u00e1 hav\u00edamos dito que com f\u00e9, esperan\u00e7a e muita dedica\u00e7\u00e3o a grande vit\u00f3ria estava cada vez mais pr\u00f3xima. E agora estamos vendo a realiza\u00e7\u00e3o desse sonho. A esperan\u00e7a \u00e9 que em breve a justi\u00e7a reconhe\u00e7a tamb\u00e9m o direito dos trabalhadores ativos\u201d, disse Roque.<\/p>\n<p>Processo N. 8397-14.2014.4.01.4100<\/p>\n<p><a title=\"Senten\u00e7a Transposi\u00e7\u00e3o Sinjur\" href=\"https:\/\/drive.google.com\/file\/d\/0B9XfNdMGSZBrdWRIX0F0Rjg1Wkk\/view?usp=sharing\">Clique aqui para ver a senten\u00e7a<\/a><\/p>\n<p>&nbsp;<\/p>\n<p>Do site do Sinjur<\/p>\n","protected":false},"excerpt":{"rendered":"<div class=\"mh-excerpt\"><p>Em mais uma vit\u00f3ria dos trabalhadores do TJRO, conquistada pelo Sinjur, a Justi\u00e7a Federal determinou que a Uni\u00e3o promova a transposi\u00e7\u00e3o dos inativos e pensionistas <a class=\"mh-excerpt-more\" href=\"https:\/\/folhaderondonianews.com\/news\/2015\/08\/10\/transposicao-justica-determina-que-inativos-e-pensionistas-sejam-transpostos\/\" title=\"Transposi\u00e7\u00e3o: Justi\u00e7a determina que inativos e pensionistas sejam transpostos\">[&#8230;]<\/a><\/p>\n<\/div>","protected":false},"author":1,"featured_media":0,"comment_status":"open","ping_status":"closed","sticky":false,"template":"","format":"standard","meta":{"footnotes":""},"categories":[8],"tags":[],"class_list":["post-5415","post","type-post","status-publish","format-standard","hentry","category-coluna-do-gutierrez"],"_links":{"self":[{"href":"https:\/\/folhaderondonianews.com\/news\/wp-json\/wp\/v2\/posts\/5415","targetHints":{"allow":["GET"]}}],"collection":[{"href":"https:\/\/folhaderondonianews.com\/news\/wp-json\/wp\/v2\/posts"}],"about":[{"href":"https:\/\/folhaderondonianews.com\/news\/wp-json\/wp\/v2\/types\/post"}],"author":[{"embeddable":true,"href":"https:\/\/folhaderondonianews.com\/news\/wp-json\/wp\/v2\/users\/1"}],"replies":[{"embeddable":true,"href":"https:\/\/folhaderondonianews.com\/news\/wp-json\/wp\/v2\/comments?post=5415"}],"version-history":[{"count":0,"href":"https:\/\/folhaderondonianews.com\/news\/wp-json\/wp\/v2\/posts\/5415\/revisions"}],"wp:attachment":[{"href":"https:\/\/folhaderondonianews.com\/news\/wp-json\/wp\/v2\/media?parent=5415"}],"wp:term":[{"taxonomy":"category","embeddable":true,"href":"https:\/\/folhaderondonianews.com\/news\/wp-json\/wp\/v2\/categories?post=5415"},{"taxonomy":"post_tag","embeddable":true,"href":"https:\/\/folhaderondonianews.com\/news\/wp-json\/wp\/v2\/tags?post=5415"}],"curies":[{"name":"wp","href":"https:\/\/api.w.org\/{rel}","templated":true}]}}