{"id":5419,"date":"2015-08-11T10:35:24","date_gmt":"2015-08-11T14:35:24","guid":{"rendered":"http:\/\/folhaderondonianews.com\/news\/?p=5419"},"modified":"2015-08-11T10:36:15","modified_gmt":"2015-08-11T14:36:15","slug":"loucura-casa-de-juiz-e-promotor-sao-alvos-de-tiros-em-jaru","status":"publish","type":"post","link":"https:\/\/folhaderondonianews.com\/news\/2015\/08\/11\/loucura-casa-de-juiz-e-promotor-sao-alvos-de-tiros-em-jaru\/","title":{"rendered":"LOUCURA!!! Casa de Juiz e Promotor s\u00e3o alvos de tiros em Jaru"},"content":{"rendered":"<p>A Associa\u00e7\u00e3o dos Magistrados de Rond\u00f4nia (Ameron) divulgou na manh\u00e3 de hoje nota de apoio e rep\u00fadio por conta do\u00a0atentado ocorrido na madrugada desta ter\u00e7a-feira (11\/09), em Jaru. Tanto a casa do\u00a0juiz Fl\u00e1vio Henrique Melo, com a do promotor Roosevelt Queiroz Costa J\u00fanior, foram atingidas por pelo menos 10 tiros. As duas casas ficam uma da outra distante uns 500 metros.<\/p>\n<p>O caso est\u00e1 sendo investigado plea pol\u00edcia, assim como\u00a0\u00a0um outro atentado a casa de uma\u00a0ju\u00edza e um promotor de Pimenta Bueno, tamb\u00e9m alvejadas por tiros. O caso de Pimenta Beno n\u00e3o foi esclarecido.<\/p>\n<p><strong>NOTA P\u00daBLICA DE APOIO E REP\u00daDIO<\/strong><\/p>\n<p>A AMERON \u2013 ASSOCIA\u00c7\u00c3O DOS MAGISTRADOS DO ESTADO DE ROND\u00d4NIA, vem a p\u00fablico manifestar o irrestrito apoio ao Juiz de Direito FL\u00c1VIO HENRIQUE DE MELO, bem como o mais veemente rep\u00fadio ao atentado feito na sua casa, em Jaru, na madrugada deste dia 11 de agosto, colocando em risco a sua vida e a sua fam\u00edlia.<\/p>\n<p>Entendemos esse atentado como uma a\u00e7\u00e3o criminosa rasteira, dirigida n\u00e3o s\u00f3 contra o Magistrado, mas sim contra o Poder Judici\u00e1rio que ela t\u00e3o bem representa naquela cidade.<br \/>\nA mesma covardia, na mesma data, foi praticada contra a casa do Promotor de Justi\u00e7a daquela localidade, o que torna evidente tratar-se de uma deplor\u00e1vel a\u00e7\u00e3o intimidat\u00f3ria, praticada certamente por quem sente o peso e a firmeza de um Judici\u00e1rio que vem cumprindo com o seu dever, da melhor forma poss\u00edvel.<br \/>\nA esses covardes repetimos a mensagem: os ju\u00edzes n\u00e3o se curvar\u00e3o e o peso da Justi\u00e7a continuar\u00e1 sempre o mesmo para aqueles que infringem a lei e insistem em confrontar as regras e os princ\u00edpios de um Estado democr\u00e1tico. E diante de atentados desse tipo, estejam certos que o Judici\u00e1rio estar\u00e1 ainda mais unido e empenhado em se fazer presente, com todas as suas for\u00e7as, para bem cumprir a sua miss\u00e3o.<\/p>\n<p>Esta Associa\u00e7\u00e3o coloca-se como porta-voz dos seus associados para garantir a todos os cidad\u00e3os rondonienses, que os magistrados deste Estado jamais se acovardar\u00e3o diante de qualquer a\u00e7\u00e3o amea\u00e7adora ou agressiva, de qualquer intensidade, dirigida contra um dos Ju\u00edzes de Direito, assegurando que estes sempre continuar\u00e3o, de forma segura e valente, a exercer as fun\u00e7\u00f5es do seu cargo, de forma a pacificar os conflitos sociais de forma justa e com a maior rapidez poss\u00edvel, sempre com base na Constitui\u00e7\u00e3o e nas leis do pa\u00eds, doa a quem doer.<\/p>\n<p>Asseguramos tamb\u00e9m, n\u00e3o s\u00f3 ao Juiz que sofreu o atentado, mas a toda a comunidade, a ado\u00e7\u00e3o imediata de todas as provid\u00eancias, junto \u00e0s institui\u00e7\u00f5es deste Estado respons\u00e1veis pela seguran\u00e7a p\u00fablica, para apura\u00e7\u00e3o e puni\u00e7\u00e3o exemplar dos respons\u00e1veis por aquele ato abomin\u00e1vel.<\/p>\n<p>Porto Velho, 11 de agosto de 2015.<\/p>\n<p>Desembargador Renato Martins Mimessi<br \/>\nVice-Presidente da AMERON<\/p>\n","protected":false},"excerpt":{"rendered":"<div class=\"mh-excerpt\"><p>A Associa\u00e7\u00e3o dos Magistrados de Rond\u00f4nia (Ameron) divulgou na manh\u00e3 de hoje nota de apoio e rep\u00fadio por conta do\u00a0atentado ocorrido na madrugada desta ter\u00e7a-feira <a class=\"mh-excerpt-more\" href=\"https:\/\/folhaderondonianews.com\/news\/2015\/08\/11\/loucura-casa-de-juiz-e-promotor-sao-alvos-de-tiros-em-jaru\/\" title=\"LOUCURA!!! Casa de Juiz e Promotor s\u00e3o alvos de tiros em Jaru\">[&#8230;]<\/a><\/p>\n<\/div>","protected":false},"author":1,"featured_media":0,"comment_status":"open","ping_status":"closed","sticky":false,"template":"","format":"standard","meta":{"footnotes":""},"categories":[8],"tags":[],"class_list":["post-5419","post","type-post","status-publish","format-standard","hentry","category-coluna-do-gutierrez"],"_links":{"self":[{"href":"https:\/\/folhaderondonianews.com\/news\/wp-json\/wp\/v2\/posts\/5419","targetHints":{"allow":["GET"]}}],"collection":[{"href":"https:\/\/folhaderondonianews.com\/news\/wp-json\/wp\/v2\/posts"}],"about":[{"href":"https:\/\/folhaderondonianews.com\/news\/wp-json\/wp\/v2\/types\/post"}],"author":[{"embeddable":true,"href":"https:\/\/folhaderondonianews.com\/news\/wp-json\/wp\/v2\/users\/1"}],"replies":[{"embeddable":true,"href":"https:\/\/folhaderondonianews.com\/news\/wp-json\/wp\/v2\/comments?post=5419"}],"version-history":[{"count":0,"href":"https:\/\/folhaderondonianews.com\/news\/wp-json\/wp\/v2\/posts\/5419\/revisions"}],"wp:attachment":[{"href":"https:\/\/folhaderondonianews.com\/news\/wp-json\/wp\/v2\/media?parent=5419"}],"wp:term":[{"taxonomy":"category","embeddable":true,"href":"https:\/\/folhaderondonianews.com\/news\/wp-json\/wp\/v2\/categories?post=5419"},{"taxonomy":"post_tag","embeddable":true,"href":"https:\/\/folhaderondonianews.com\/news\/wp-json\/wp\/v2\/tags?post=5419"}],"curies":[{"name":"wp","href":"https:\/\/api.w.org\/{rel}","templated":true}]}}