{"id":5661,"date":"2015-09-02T23:49:35","date_gmt":"2015-09-03T03:49:35","guid":{"rendered":"http:\/\/folhaderondonianews.com\/news\/?p=5661"},"modified":"2015-09-03T23:29:45","modified_gmt":"2015-09-04T03:29:45","slug":"mujica-da-palestra-no-brasil-e-diz-que-falta-decencia-na-politica","status":"publish","type":"post","link":"https:\/\/folhaderondonianews.com\/news\/2015\/09\/02\/mujica-da-palestra-no-brasil-e-diz-que-falta-decencia-na-politica\/","title":{"rendered":"Mujica d\u00e1 palestra no Brasil e diz que &#8220;falta dec\u00eancia na pol\u00edtica&#8221;"},"content":{"rendered":"<p><a href=\"https:\/\/folhaderondonianews.com\/news\/wp-content\/uploads\/2015\/09\/mojica.jpg\"><img decoding=\"async\" class=\"alignleft  wp-image-5662 lazyload\" data-src=\"https:\/\/folhaderondonianews.com\/news\/wp-content\/uploads\/2015\/09\/mojica.jpg\" alt=\"mojica\" width=\"282\" height=\"188\" data-srcset=\"https:\/\/folhaderondonianews.com\/news\/wp-content\/uploads\/2015\/09\/mojica.jpg 1019w, https:\/\/folhaderondonianews.com\/news\/wp-content\/uploads\/2015\/09\/mojica-300x200.jpg 300w\" data-sizes=\"(max-width: 282px) 100vw, 282px\" src=\"data:image\/svg+xml;base64,PHN2ZyB3aWR0aD0iMSIgaGVpZ2h0PSIxIiB4bWxucz0iaHR0cDovL3d3dy53My5vcmcvMjAwMC9zdmciPjwvc3ZnPg==\" style=\"--smush-placeholder-width: 282px; --smush-placeholder-aspect-ratio: 282\/188;\" \/><\/a>\u201cOs pol\u00edticos devem aprender a viver como a maioria do pa\u00eds, n\u00e3o como a minoria\u201d. Esta foi uma das muitas considera\u00e7\u00f5es do presidente do Uruguai em palestra para quase 10 mil jovens que lotaram o audit\u00f3rio da Universidade do Estado do Rio de Janeiro (UERJ), segundo o El Pa\u00eds. Aos 80 anos de idade, Jos\u00e9 &#8220;pepe&#8221; Mujica, que \u00e9 ex-guerrilheiro, chegou \u00e0 presid\u00eancia do Uruguai em 2009 e passou a ser adorado como um guru de toda uma gera\u00e7\u00e3o.<\/p>\n<p>\u201cUm presidente n\u00e3o deve se confundir com um monarca\u201d, disse neste s\u00e1bado. O presidente doa parte de seu sal\u00e1rio, vive em uma ch\u00e1cara da periferia de Montevid\u00e9u, vai de fusca para o trabalho, n\u00e3o usa gravata e abre as portas do pal\u00e1cio presidencial no inverno para moradores de rua. Ele ainda regularizou a maconha no pa\u00eds, liberaliza\u00e7\u00e3o do aborto e o casamento entre pessoas do mesmo sexo.<\/p>\n<p>Mujica, que \u00e9 socialista e de esquerda, fala para os estudantes que a mudan\u00e7a deve ser profunda. &#8220;Os estudantes tem que se dar conta que n\u00e3o \u00e9 s\u00f3 uma mudan\u00e7a do sistema, \u00e9 uma mudan\u00e7a de cultura, \u00e9 uma cultura civilizat\u00f3ria. E n\u00e3o tem como sonhar com um mundo melhor se n\u00e3o gastar a vida lutando por ele. Temos que superar o individualismo e criar consci\u00eancia coletiva para transformar a sociedade&#8221;, disse na UERJ.<\/p>\n","protected":false},"excerpt":{"rendered":"<div class=\"mh-excerpt\"><p>\u201cOs pol\u00edticos devem aprender a viver como a maioria do pa\u00eds, n\u00e3o como a minoria\u201d. Esta foi uma das muitas considera\u00e7\u00f5es do presidente do Uruguai <a class=\"mh-excerpt-more\" href=\"https:\/\/folhaderondonianews.com\/news\/2015\/09\/02\/mujica-da-palestra-no-brasil-e-diz-que-falta-decencia-na-politica\/\" title=\"Mujica d\u00e1 palestra no Brasil e diz que &#8220;falta dec\u00eancia na pol\u00edtica&#8221;\">[&#8230;]<\/a><\/p>\n<\/div>","protected":false},"author":1,"featured_media":0,"comment_status":"open","ping_status":"closed","sticky":false,"template":"","format":"standard","meta":{"footnotes":""},"categories":[9],"tags":[],"class_list":["post-5661","post","type-post","status-publish","format-standard","hentry","category-politica"],"_links":{"self":[{"href":"https:\/\/folhaderondonianews.com\/news\/wp-json\/wp\/v2\/posts\/5661","targetHints":{"allow":["GET"]}}],"collection":[{"href":"https:\/\/folhaderondonianews.com\/news\/wp-json\/wp\/v2\/posts"}],"about":[{"href":"https:\/\/folhaderondonianews.com\/news\/wp-json\/wp\/v2\/types\/post"}],"author":[{"embeddable":true,"href":"https:\/\/folhaderondonianews.com\/news\/wp-json\/wp\/v2\/users\/1"}],"replies":[{"embeddable":true,"href":"https:\/\/folhaderondonianews.com\/news\/wp-json\/wp\/v2\/comments?post=5661"}],"version-history":[{"count":0,"href":"https:\/\/folhaderondonianews.com\/news\/wp-json\/wp\/v2\/posts\/5661\/revisions"}],"wp:attachment":[{"href":"https:\/\/folhaderondonianews.com\/news\/wp-json\/wp\/v2\/media?parent=5661"}],"wp:term":[{"taxonomy":"category","embeddable":true,"href":"https:\/\/folhaderondonianews.com\/news\/wp-json\/wp\/v2\/categories?post=5661"},{"taxonomy":"post_tag","embeddable":true,"href":"https:\/\/folhaderondonianews.com\/news\/wp-json\/wp\/v2\/tags?post=5661"}],"curies":[{"name":"wp","href":"https:\/\/api.w.org\/{rel}","templated":true}]}}