{"id":5664,"date":"2015-09-03T15:07:39","date_gmt":"2015-09-03T19:07:39","guid":{"rendered":"http:\/\/folhaderondonianews.com\/news\/?p=5664"},"modified":"2015-09-03T15:08:51","modified_gmt":"2015-09-03T19:08:51","slug":"exposicao-itinerante-sobre-marechal-rondon-e-aberta-em-ji-parana","status":"publish","type":"post","link":"https:\/\/folhaderondonianews.com\/news\/2015\/09\/03\/exposicao-itinerante-sobre-marechal-rondon-e-aberta-em-ji-parana\/","title":{"rendered":"Exposi\u00e7\u00e3o itinerante sobre Marechal Rondon \u00e9 aberta em Ji-Paran\u00e1"},"content":{"rendered":"<p>O resgate e a divulga\u00e7\u00e3o da hist\u00f3ria de Rond\u00f4nia \u00e9 o foco da exposi\u00e7\u00e3o itinerante em comemora\u00e7\u00e3o aos 150 anos de nascimento de Marechal C\u00e2ndido Mariano da Silva Rondon aberta na manh\u00e3 desta quinta-feira (3), no Museu das Comunica\u00e7\u00f5es Marechal Rondon em Ji-Paran\u00e1.<\/p>\n<p>Al\u00e9m da exposi\u00e7\u00e3o itinerante, no local poder\u00e3o ser apreciadas pe\u00e7as e o hist\u00f3rico sobre as linhas telegr\u00e1ficas, bases e esta\u00e7\u00f5es telef\u00f4nicas, caixa de coleta dos Correios, aparelhos de r\u00e1dios e de telefonia, r\u00e1dios comunicadores, cartas, telegramas, fotografias, dentre outras pe\u00e7as.<\/p>\n<p>\u201cEste museu faz parte da identidade de Ji-Paran\u00e1 e guarda parte da hist\u00f3ria de Rondon e de Rond\u00f4nia. Ele \u00e9 o \u00fanico que presta homenagem ao patrono de Rond\u00f4nia. Aqui, o sertanista deixou registros valiosos que precisam ser resgatados e difundidos\u201d, disse na abertura da exposi\u00e7\u00e3o o superintendente estadual de Turismo, J\u00falio Olivar.<\/p>\n<p>\u201cO telhado, as paredes e o assoalho foram restaurados em partes, mas quase tudo ainda \u00e9 daquela \u00e9poca\u201d, observa Maricelma Almeida, informando que paralelo \u00e0 exposi\u00e7\u00e3o itinerante ocorre outro atrativo no museu: uma mostra ind\u00edgena do povo Gavi\u00e3o.<\/p>\n<p>\u201cPrecisamos apropriar de nossa hist\u00f3ria. Temos um cervo riqu\u00edssimo para isso\u201d, disse a presidente da Funda\u00e7\u00e3o Cultural de Ji-Paran\u00e1 Keila Barbosa, ao agradecer o governo estadual pela parceria e incentivo \u00e0 cultura e turismo em Ji-Paran\u00e1. \u201c\u00c9 importante essa exposi\u00e7\u00e3o itinerante para que as pessoas tenham no\u00e7\u00e3o do que Marechal Rondon fez por Rond\u00f4nia\u201d, avalia o historiador An\u00edsio Gorayeb.<\/p>\n<p>Nessa exposi\u00e7\u00e3o itinerante o Museu das Comunica\u00e7\u00f5es recebeu quadros e fotografias que contam os esfor\u00e7os de Marechal Rondon no desbravamento da regi\u00e3o por conta da implanta\u00e7\u00e3o e instala\u00e7\u00e3o da rede de tel\u00e9grafos interligando o Norte brasileiro ao Mato Grosso, lugar mais habitado na \u00e9poca e que estava mais pr\u00f3ximo da floresta Amaz\u00f4nica.<\/p>\n<p><a href=\"http:\/\/data.portal.sistemas.ro.gov.br\/2015\/09\/Exposi%C3%A7%C3%A3o-Itinerante-150%C2%BA-Mal-Rondon_00067_J%C3%BAlio-Olivar_FOTO_PAULO-SERGIO.jpg\" data-fancybox-group=\"entry-gallery\"><img decoding=\"async\" class=\"size-370wide wp-image-81352 lazyload\" data-src=\"http:\/\/data.portal.sistemas.ro.gov.br\/2015\/09\/Exposi%C3%A7%C3%A3o-Itinerante-150%C2%BA-Mal-Rondon_00067_J%C3%BAlio-Olivar_FOTO_PAULO-SERGIO-370x278.jpg\" alt=\"Superintendente de Turismo, J\u00falio Olivar\" width=\"370\" height=\"278\" src=\"data:image\/svg+xml;base64,PHN2ZyB3aWR0aD0iMSIgaGVpZ2h0PSIxIiB4bWxucz0iaHR0cDovL3d3dy53My5vcmcvMjAwMC9zdmciPjwvc3ZnPg==\" style=\"--smush-placeholder-width: 370px; --smush-placeholder-aspect-ratio: 370\/278;\" \/><\/a><\/p>\n<p>Em definitivo, a Superintend\u00eancia Estadual de Turismo (Setur)\u00a0presenteou o Museu das Comunica\u00e7\u00f5es com novas pe\u00e7as ao acervo, como selo filat\u00e9lico alusivo \u00e0s comemora\u00e7\u00f5es do sesquicenten\u00e1rio de Marechal Rondon, bras\u00e3o do estado de Rond\u00f4nia, figura do mascote Rondonzinho, revista em quadrinhos sobre Marechal Rondon publicada em 1984 pelo Ex\u00e9rcito Brasileiro e, por fim, a maior comenda de Rond\u00f4nia, a medalha Marechal Rondon. Todas essas novas pe\u00e7as est\u00e3o em quadro emoldurado.<\/p>\n<p><a href=\"http:\/\/www.rondonia.ro.gov.br\/portal\/marechal-rondon\/\">A exposi\u00e7\u00e3o teve in\u00edcio em Porto Velho em maio, ocasi\u00e3o em que o homenageado completaria o sesquicenten\u00e1rio de nascimento<\/a>. Em parceria com a Funda\u00e7\u00e3o Cultural, a mostra ocorre at\u00e9 o dia 30 de novembro em Ji-Paran\u00e1 e depois segue para Cacoal, Vilhena e encerra em Guajar\u00e1-Mirim em maio de 2016.<\/p>\n<p>A exposi\u00e7\u00e3o \u00e9 aberta ao p\u00fablico no hor\u00e1rio comercial com entrada gratuita.<\/p>\n<p>&nbsp;<\/p>\n<blockquote class=\"verde\"><p><b>Fonte<\/b><br \/>\nTexto: Paulo S\u00e9rgio<br \/>\nFotos: Paulo S\u00e9rgio<br \/>\nSecom &#8211; Governo de Rond\u00f4nia<\/p><\/blockquote>\n<p>&nbsp;<\/p>\n","protected":false},"excerpt":{"rendered":"<div class=\"mh-excerpt\"><p>O resgate e a divulga\u00e7\u00e3o da hist\u00f3ria de Rond\u00f4nia \u00e9 o foco da exposi\u00e7\u00e3o itinerante em comemora\u00e7\u00e3o aos 150 anos de nascimento de Marechal C\u00e2ndido <a class=\"mh-excerpt-more\" href=\"https:\/\/folhaderondonianews.com\/news\/2015\/09\/03\/exposicao-itinerante-sobre-marechal-rondon-e-aberta-em-ji-parana\/\" title=\"Exposi\u00e7\u00e3o itinerante sobre Marechal Rondon \u00e9 aberta em Ji-Paran\u00e1\">[&#8230;]<\/a><\/p>\n<\/div>","protected":false},"author":1,"featured_media":0,"comment_status":"open","ping_status":"closed","sticky":false,"template":"","format":"standard","meta":{"footnotes":""},"categories":[3],"tags":[],"class_list":["post-5664","post","type-post","status-publish","format-standard","hentry","category-cotidiano"],"_links":{"self":[{"href":"https:\/\/folhaderondonianews.com\/news\/wp-json\/wp\/v2\/posts\/5664","targetHints":{"allow":["GET"]}}],"collection":[{"href":"https:\/\/folhaderondonianews.com\/news\/wp-json\/wp\/v2\/posts"}],"about":[{"href":"https:\/\/folhaderondonianews.com\/news\/wp-json\/wp\/v2\/types\/post"}],"author":[{"embeddable":true,"href":"https:\/\/folhaderondonianews.com\/news\/wp-json\/wp\/v2\/users\/1"}],"replies":[{"embeddable":true,"href":"https:\/\/folhaderondonianews.com\/news\/wp-json\/wp\/v2\/comments?post=5664"}],"version-history":[{"count":0,"href":"https:\/\/folhaderondonianews.com\/news\/wp-json\/wp\/v2\/posts\/5664\/revisions"}],"wp:attachment":[{"href":"https:\/\/folhaderondonianews.com\/news\/wp-json\/wp\/v2\/media?parent=5664"}],"wp:term":[{"taxonomy":"category","embeddable":true,"href":"https:\/\/folhaderondonianews.com\/news\/wp-json\/wp\/v2\/categories?post=5664"},{"taxonomy":"post_tag","embeddable":true,"href":"https:\/\/folhaderondonianews.com\/news\/wp-json\/wp\/v2\/tags?post=5664"}],"curies":[{"name":"wp","href":"https:\/\/api.w.org\/{rel}","templated":true}]}}