{"id":5666,"date":"2015-09-03T22:43:34","date_gmt":"2015-09-04T02:43:34","guid":{"rendered":"http:\/\/folhaderondonianews.com\/news\/?p=5666"},"modified":"2015-09-03T22:43:34","modified_gmt":"2015-09-04T02:43:34","slug":"curso-da-aron-sobre-previdencia-propria-tem-adesao-de-varios-municipios","status":"publish","type":"post","link":"https:\/\/folhaderondonianews.com\/news\/2015\/09\/03\/curso-da-aron-sobre-previdencia-propria-tem-adesao-de-varios-municipios\/","title":{"rendered":"Curso da Aron sobre Previd\u00eancia Pr\u00f3pria tem ades\u00e3o de v\u00e1rios munic\u00edpios"},"content":{"rendered":"<p><span style=\"color: #000000; font-family: 'trebuchet ms', sans-serif;\"><br \/>\n<a href=\"https:\/\/folhaderondonianews.com\/news\/wp-content\/uploads\/2015\/09\/aronn.jpg\"><img decoding=\"async\" class=\"alignleft  wp-image-5667 lazyload\" data-src=\"https:\/\/folhaderondonianews.com\/news\/wp-content\/uploads\/2015\/09\/aronn.jpg\" alt=\"aronn\" width=\"396\" height=\"264\" data-srcset=\"https:\/\/folhaderondonianews.com\/news\/wp-content\/uploads\/2015\/09\/aronn.jpg 963w, https:\/\/folhaderondonianews.com\/news\/wp-content\/uploads\/2015\/09\/aronn-300x200.jpg 300w\" data-sizes=\"(max-width: 396px) 100vw, 396px\" src=\"data:image\/svg+xml;base64,PHN2ZyB3aWR0aD0iMSIgaGVpZ2h0PSIxIiB4bWxucz0iaHR0cDovL3d3dy53My5vcmcvMjAwMC9zdmciPjwvc3ZnPg==\" style=\"--smush-placeholder-width: 396px; --smush-placeholder-aspect-ratio: 396\/264;\" \/><\/a>Aconteceu ontem mais um curso da Escola Rondoniense de Gest\u00e3o P\u00fablica (EGP-RO), iniciativa da Associa\u00e7\u00e3o Rondoniense de Munic\u00edpios (Arom) em parceria com as Delega\u00e7\u00f5es de Prefeituras Municipais (DPM). O tema do curso era tema \u201cPrevid\u00eancia Pr\u00f3pria dos Munic\u00edpios &#8211; vantagens e desvantagens\u201d e teve ades\u00e3o de v\u00e1rias cidades do Estado de Rond\u00f4nia. De acordo com o palestrante, vindo do Rio Grande do Sul, a discuss\u00e3o \u00e9 importante para mostrar aos servidores o que pode ser vantajoso (e tamb\u00e9m o contr\u00e1rio) com rela\u00e7\u00e3o \u00e0 um instituto de previd\u00eancia pr\u00f3prio do munic\u00edpio.<\/span><\/p>\n<p><span style=\"color: #000000; font-family: 'trebuchet ms', sans-serif;\">Edil\u00e9ia Silva Senes, servidores p\u00fablica do munic\u00edpio de Buritis, entender exatamente como funciona um processo de previd\u00eancia pr\u00f3pria municipal foi interessante para se pensar na implanta\u00e7\u00e3o futura da iniciativa na cidade em que trabalha. \u201c\u00c9 um assunto que gera muitas d\u00favidas, com o curso da EGP-RO podemos tirar essas d\u00favidas e saber exatamente quais s\u00e3o as vantagens e as desvantagens. Foi muito v\u00e1lido e irei levar para o meu munic\u00edpio muitas ideias\u201d, comentou a servidora.<\/span><\/p>\n<p><span style=\"color: #000000; font-family: 'trebuchet ms', sans-serif;\">O ponto de destaque do curso foi a possibilidade de realizar um comparativo cr\u00edtico entre a ado\u00e7\u00e3o de um regime pr\u00f3prio de previd\u00eancia social (RPPS) ou a manuten\u00e7\u00e3o do v\u00ednculo dos servidores efetivos ao Regime Geral de Previd\u00eancia Social (RGPS). O presidente da Arom, M\u00e1rio Alves da Costa, tamb\u00e9m prefeito de Machadinho d&#8217;Oeste, ressalta a import\u00e2ncia do curso para as administra\u00e7\u00f5es p\u00fablicas \u2013 que passam por um momento delicado com rela\u00e7\u00e3o \u00e0 crise econ\u00f4mica brasileira.<\/span><\/p>\n","protected":false},"excerpt":{"rendered":"<div class=\"mh-excerpt\"><p>Aconteceu ontem mais um curso da Escola Rondoniense de Gest\u00e3o P\u00fablica (EGP-RO), iniciativa da Associa\u00e7\u00e3o Rondoniense de Munic\u00edpios (Arom) em parceria com as Delega\u00e7\u00f5es de <a class=\"mh-excerpt-more\" href=\"https:\/\/folhaderondonianews.com\/news\/2015\/09\/03\/curso-da-aron-sobre-previdencia-propria-tem-adesao-de-varios-municipios\/\" title=\"Curso da Aron sobre Previd\u00eancia Pr\u00f3pria tem ades\u00e3o de v\u00e1rios munic\u00edpios\">[&#8230;]<\/a><\/p>\n<\/div>","protected":false},"author":1,"featured_media":0,"comment_status":"open","ping_status":"closed","sticky":false,"template":"","format":"standard","meta":{"footnotes":""},"categories":[9],"tags":[],"class_list":["post-5666","post","type-post","status-publish","format-standard","hentry","category-politica"],"_links":{"self":[{"href":"https:\/\/folhaderondonianews.com\/news\/wp-json\/wp\/v2\/posts\/5666","targetHints":{"allow":["GET"]}}],"collection":[{"href":"https:\/\/folhaderondonianews.com\/news\/wp-json\/wp\/v2\/posts"}],"about":[{"href":"https:\/\/folhaderondonianews.com\/news\/wp-json\/wp\/v2\/types\/post"}],"author":[{"embeddable":true,"href":"https:\/\/folhaderondonianews.com\/news\/wp-json\/wp\/v2\/users\/1"}],"replies":[{"embeddable":true,"href":"https:\/\/folhaderondonianews.com\/news\/wp-json\/wp\/v2\/comments?post=5666"}],"version-history":[{"count":0,"href":"https:\/\/folhaderondonianews.com\/news\/wp-json\/wp\/v2\/posts\/5666\/revisions"}],"wp:attachment":[{"href":"https:\/\/folhaderondonianews.com\/news\/wp-json\/wp\/v2\/media?parent=5666"}],"wp:term":[{"taxonomy":"category","embeddable":true,"href":"https:\/\/folhaderondonianews.com\/news\/wp-json\/wp\/v2\/categories?post=5666"},{"taxonomy":"post_tag","embeddable":true,"href":"https:\/\/folhaderondonianews.com\/news\/wp-json\/wp\/v2\/tags?post=5666"}],"curies":[{"name":"wp","href":"https:\/\/api.w.org\/{rel}","templated":true}]}}