{"id":5679,"date":"2015-09-08T19:36:22","date_gmt":"2015-09-08T23:36:22","guid":{"rendered":"http:\/\/folhaderondonianews.com\/news\/?p=5679"},"modified":"2015-09-08T19:36:22","modified_gmt":"2015-09-08T23:36:22","slug":"aelcio-da-tv-propoe-frente-parlamentar-de-defesa-da-vida-e-da-familia","status":"publish","type":"post","link":"https:\/\/folhaderondonianews.com\/news\/2015\/09\/08\/aelcio-da-tv-propoe-frente-parlamentar-de-defesa-da-vida-e-da-familia\/","title":{"rendered":"A\u00e9lcio da TV prop\u00f5e frente parlamentar de defesa da vida e da fam\u00edlia"},"content":{"rendered":"<p style=\"text-align: center;\"><strong>A compet\u00eancia ser\u00e1 de promover debates, simp\u00f3sios, semin\u00e1rios e eventos pertinentes ao exame de pol\u00edticas p\u00fablicas.<\/strong><\/p>\n<figure id=\"attachment_4764\" aria-describedby=\"caption-attachment-4764\" style=\"width: 300px\" class=\"wp-caption alignright\"><a href=\"https:\/\/folhaderondonianews.com\/news\/wp-content\/uploads\/2015\/05\/Aelcio-tv.jpg\"><img decoding=\"async\" class=\"size-full wp-image-4764 lazyload\" data-src=\"https:\/\/folhaderondonianews.com\/news\/wp-content\/uploads\/2015\/05\/Aelcio-tv.jpg\" alt=\"O parlamentar considera muito importante esse reconhecimento \u00e0 categoria. Foto: Flanklim Silva\" width=\"300\" height=\"200\" src=\"data:image\/svg+xml;base64,PHN2ZyB3aWR0aD0iMSIgaGVpZ2h0PSIxIiB4bWxucz0iaHR0cDovL3d3dy53My5vcmcvMjAwMC9zdmciPjwvc3ZnPg==\" style=\"--smush-placeholder-width: 300px; --smush-placeholder-aspect-ratio: 300\/200;\" \/><\/a><figcaption id=\"caption-attachment-4764\" class=\"wp-caption-text\">O parlamentar considera muito importante esse reconhecimento \u00e0 categoria. Foto: Flanklim Silva<\/figcaption><\/figure>\n<p>As atividades da frente parlamentar, afirma A\u00e9lcio, far\u00e3o parte da programa\u00e7\u00e3o das atividades da Assembleia Legislativa.<\/p>\n<p>Com a finalidade de acompanhar e fiscalizar os programas e as pol\u00edticas governamentais destinadas \u00e0 prote\u00e7\u00e3o e garantia dos direitos \u00e0 vida, da fam\u00edlia, da crian\u00e7a e do adolescente, o deputado A\u00e9lcio da TV (PP) apresentou projeto de resolu\u00e7\u00e3o no sentido de que seja institu\u00eddo, no \u00e2mbito da Asse<span class=\"text_exposed_show\">mbleia Legislativa, a frente parlamentar permanente em defesa da vida e da fam\u00edlia. A proposi\u00e7\u00e3o foi lida em plen\u00e1rio e encaminhada para an\u00e1lise das comiss\u00f5es t\u00e9cnicas.<\/span><\/p>\n<div class=\"text_exposed_show\">\n<p>Conforme o estabelecido no projeto, poder\u00e3o compor a frente parlamentar todos os deputados que a ela quiserem participar sendo que a fam\u00edlia a ser defendida ser\u00e1 nos molde do artigo 226 da Constitui\u00e7\u00e3o Federal de 1998.<\/p>\n<p>A\u00e9lcio esclareceu que se aprovado o projeto de resolu\u00e7\u00e3o, a frente parlamentar ter\u00e1 compet\u00eancia para promover debates, simp\u00f3sios, semin\u00e1rios e eventos pertinentes ao exame de pol\u00edticas p\u00fablicas destinadas \u00e0s fam\u00edlias, \u00e0s crian\u00e7as e aos direitos \u00e0 vida, \u00e0 educa\u00e7\u00e3o, \u00e0 sa\u00fade e \u00e0 seguran\u00e7a, divulgando os resultados e participando de discuss\u00f5es, plebiscitos ou referendos com o objetivo de assegurar os meios necess\u00e1rios para garantia dos direitos \u00e0 vida e da fam\u00edlia.<\/p>\n<p>As atividades da frente parlamentar, afirma A\u00e9lcio, far\u00e3o parte da programa\u00e7\u00e3o das atividades da Assembleia Legislativa. As reuni\u00f5es ser\u00e3o p\u00fablicas, realizadas na periodicidade e local estabelecidos pelos seus integrantes, e os relat\u00f3rios produzidos nortear\u00e3o a fiscaliza\u00e7\u00e3o das a\u00e7\u00f5es das pol\u00edticas p\u00fablicas governamentais destinadas \u00e0 prote\u00e7\u00e3o e garantia dos direitos \u00e0 vida, da fam\u00edlia, da crian\u00e7a e dos adolescentes. Por isso, \u201cacredito na sua aprova\u00e7\u00e3o pelos demais deputados\u201d, disse o deputado.<\/p>\n<p>DECOM-ALE<\/p>\n<\/div>\n","protected":false},"excerpt":{"rendered":"<div class=\"mh-excerpt\"><p>A compet\u00eancia ser\u00e1 de promover debates, simp\u00f3sios, semin\u00e1rios e eventos pertinentes ao exame de pol\u00edticas p\u00fablicas. As atividades da frente parlamentar, afirma A\u00e9lcio, far\u00e3o parte <a class=\"mh-excerpt-more\" href=\"https:\/\/folhaderondonianews.com\/news\/2015\/09\/08\/aelcio-da-tv-propoe-frente-parlamentar-de-defesa-da-vida-e-da-familia\/\" title=\"A\u00e9lcio da TV prop\u00f5e frente parlamentar de defesa da vida e da fam\u00edlia\">[&#8230;]<\/a><\/p>\n<\/div>","protected":false},"author":1,"featured_media":0,"comment_status":"open","ping_status":"closed","sticky":false,"template":"","format":"standard","meta":{"footnotes":""},"categories":[9],"tags":[],"class_list":["post-5679","post","type-post","status-publish","format-standard","hentry","category-politica"],"_links":{"self":[{"href":"https:\/\/folhaderondonianews.com\/news\/wp-json\/wp\/v2\/posts\/5679","targetHints":{"allow":["GET"]}}],"collection":[{"href":"https:\/\/folhaderondonianews.com\/news\/wp-json\/wp\/v2\/posts"}],"about":[{"href":"https:\/\/folhaderondonianews.com\/news\/wp-json\/wp\/v2\/types\/post"}],"author":[{"embeddable":true,"href":"https:\/\/folhaderondonianews.com\/news\/wp-json\/wp\/v2\/users\/1"}],"replies":[{"embeddable":true,"href":"https:\/\/folhaderondonianews.com\/news\/wp-json\/wp\/v2\/comments?post=5679"}],"version-history":[{"count":0,"href":"https:\/\/folhaderondonianews.com\/news\/wp-json\/wp\/v2\/posts\/5679\/revisions"}],"wp:attachment":[{"href":"https:\/\/folhaderondonianews.com\/news\/wp-json\/wp\/v2\/media?parent=5679"}],"wp:term":[{"taxonomy":"category","embeddable":true,"href":"https:\/\/folhaderondonianews.com\/news\/wp-json\/wp\/v2\/categories?post=5679"},{"taxonomy":"post_tag","embeddable":true,"href":"https:\/\/folhaderondonianews.com\/news\/wp-json\/wp\/v2\/tags?post=5679"}],"curies":[{"name":"wp","href":"https:\/\/api.w.org\/{rel}","templated":true}]}}