{"id":5681,"date":"2015-09-08T19:46:41","date_gmt":"2015-09-08T23:46:41","guid":{"rendered":"http:\/\/folhaderondonianews.com\/news\/?p=5681"},"modified":"2015-09-08T19:46:41","modified_gmt":"2015-09-08T23:46:41","slug":"desfile-de-7-de-setembro-beleza-em-tempo-recorde","status":"publish","type":"post","link":"https:\/\/folhaderondonianews.com\/news\/2015\/09\/08\/desfile-de-7-de-setembro-beleza-em-tempo-recorde\/","title":{"rendered":"Desfile de 7 de Setembro: beleza em tempo recorde"},"content":{"rendered":"<p>Autoridades, diretores, professores e at\u00e9 alunos foram s\u00f3 elogios \u00e0 organiza\u00e7\u00e3o do Desfile de 7 de Setembro deste ano, que aconteceu na \u00faltima segunda-feira, no 2\u00ba Distrito de Ji-Paran\u00e1. Por volta das 10 horas, quando em anos anteriores o Desfile rec\u00e9m chegava \u00e0 metade, este ano todas as escolas j\u00e1 estavam embarcadas nos \u00f4nibus escolares, sendo que as primeiras a desfilarem, neste mesmo hor\u00e1rio, j\u00e1 haviam deixado alunos em suas casas.<\/p>\n<p>A celeridade com que aconteceu o Desfile n\u00e3o foi por acaso. A Comiss\u00e3o Organizadora da Semana da P\u00e1tria optou, em uma decis\u00e3o in\u00e9dita e at\u00e9 corajosa, por tirar as apresenta\u00e7\u00f5es que as escolas costumavam fazer em frente ao palco das autoridades.<\/p>\n<p>Para surpresa da pr\u00f3pria Comiss\u00e3o, o Desfile em nada ficou a dever em beleza, uma vez que as escolas, mais uma vez, superaram as expectativas e compensaram as apresenta\u00e7\u00f5es com muita criatividade nos temas, nas fantasias, nas alegorias, nas faixas, nos cartazes, enfim, preencheram as colunas de alunos com o brilho que normalmente guardavam para a frente do palco. O resultado foi a passagem de 32 escolas e cinco fanfarras em um tempo recorde: menos de 2 horas de desfile.<\/p>\n<p>\u201cFoi maravilhoso nosso desfile de 7 de Setembro. Muitos alunos, Policiais Militares, Bombeiros Militares, outras institui\u00e7\u00f5es e centenas de pessoas que acompanharam nas cal\u00e7adas ao longo da Avenida Brasil. Parab\u00e9ns \u00e0 equipe da Semed por meio da secret\u00e1ria\u00a0<a href=\"https:\/\/www.facebook.com\/leivacustodio.pereira\">Leiva Custodio Pereira<\/a>\u201d, publicou o prefeito Jesualdo Pires nas redes sociais logo ap\u00f3s o Desfile.<\/p>\n<p>\u201cConseguimos alcan\u00e7ar o nosso objetivo: fizemos o Desfile com a mesma beleza de sempre e com um menor desgaste para os alunos e todos que participaram do evento, inclusive o p\u00fablico. Nossos t\u00e9cnicos e colaboradores que estavam acompanhando as escolas nos disseram que todos gostaram do desfile e elogiaram a rapidez com que se desenvolveu\u201d, explicou a presidente da Comiss\u00e3o Organizadora e superintendente de Gest\u00e3o da Secretaria Municipal de Educa\u00e7\u00e3o, Ana Maria Martins Papa.<\/p>\n<p><a href=\"https:\/\/folhaderondonianews.com\/news\/wp-content\/uploads\/2015\/09\/sem-t\u00edtulo-6-2.jpg\"><img decoding=\"async\" class=\"alignleft size-full wp-image-5682 lazyload\" data-src=\"https:\/\/folhaderondonianews.com\/news\/wp-content\/uploads\/2015\/09\/sem-t\u00edtulo-6-2.jpg\" alt=\"sem t\u00edtulo-6 (2)\" width=\"400\" height=\"265\" data-srcset=\"https:\/\/folhaderondonianews.com\/news\/wp-content\/uploads\/2015\/09\/sem-t\u00edtulo-6-2.jpg 400w, https:\/\/folhaderondonianews.com\/news\/wp-content\/uploads\/2015\/09\/sem-t\u00edtulo-6-2-300x199.jpg 300w\" data-sizes=\"(max-width: 400px) 100vw, 400px\" src=\"data:image\/svg+xml;base64,PHN2ZyB3aWR0aD0iMSIgaGVpZ2h0PSIxIiB4bWxucz0iaHR0cDovL3d3dy53My5vcmcvMjAwMC9zdmciPjwvc3ZnPg==\" style=\"--smush-placeholder-width: 400px; --smush-placeholder-aspect-ratio: 400\/265;\" \/><\/a> <a href=\"https:\/\/folhaderondonianews.com\/news\/wp-content\/uploads\/2015\/09\/sem-t\u00edtulo-5.jpg\"><img decoding=\"async\" class=\"alignleft size-large wp-image-5683 lazyload\" data-src=\"https:\/\/folhaderondonianews.com\/news\/wp-content\/uploads\/2015\/09\/sem-t\u00edtulo-5.jpg\" alt=\"sem t\u00edtulo-5\" width=\"400\" height=\"251\" data-srcset=\"https:\/\/folhaderondonianews.com\/news\/wp-content\/uploads\/2015\/09\/sem-t\u00edtulo-5.jpg 400w, https:\/\/folhaderondonianews.com\/news\/wp-content\/uploads\/2015\/09\/sem-t\u00edtulo-5-300x188.jpg 300w\" data-sizes=\"(max-width: 400px) 100vw, 400px\" src=\"data:image\/svg+xml;base64,PHN2ZyB3aWR0aD0iMSIgaGVpZ2h0PSIxIiB4bWxucz0iaHR0cDovL3d3dy53My5vcmcvMjAwMC9zdmciPjwvc3ZnPg==\" style=\"--smush-placeholder-width: 400px; --smush-placeholder-aspect-ratio: 400\/251;\" \/><\/a> <a href=\"https:\/\/folhaderondonianews.com\/news\/wp-content\/uploads\/2015\/09\/DSC_0354.jpg\"><img decoding=\"async\" class=\"alignleft size-large wp-image-5684 lazyload\" data-src=\"https:\/\/folhaderondonianews.com\/news\/wp-content\/uploads\/2015\/09\/DSC_0354.jpg\" alt=\"DSC_0354\" width=\"400\" height=\"268\" data-srcset=\"https:\/\/folhaderondonianews.com\/news\/wp-content\/uploads\/2015\/09\/DSC_0354.jpg 400w, https:\/\/folhaderondonianews.com\/news\/wp-content\/uploads\/2015\/09\/DSC_0354-300x201.jpg 300w\" data-sizes=\"(max-width: 400px) 100vw, 400px\" src=\"data:image\/svg+xml;base64,PHN2ZyB3aWR0aD0iMSIgaGVpZ2h0PSIxIiB4bWxucz0iaHR0cDovL3d3dy53My5vcmcvMjAwMC9zdmciPjwvc3ZnPg==\" style=\"--smush-placeholder-width: 400px; --smush-placeholder-aspect-ratio: 400\/268;\" \/><\/a> <a href=\"https:\/\/folhaderondonianews.com\/news\/wp-content\/uploads\/2015\/09\/sem-t\u00edtulo-3-1.jpg\"><img decoding=\"async\" class=\"alignleft size-large wp-image-5685 lazyload\" data-src=\"https:\/\/folhaderondonianews.com\/news\/wp-content\/uploads\/2015\/09\/sem-t\u00edtulo-3-1.jpg\" alt=\"sem t\u00edtulo-3 (1)\" width=\"400\" height=\"265\" data-srcset=\"https:\/\/folhaderondonianews.com\/news\/wp-content\/uploads\/2015\/09\/sem-t\u00edtulo-3-1.jpg 400w, https:\/\/folhaderondonianews.com\/news\/wp-content\/uploads\/2015\/09\/sem-t\u00edtulo-3-1-300x199.jpg 300w\" data-sizes=\"(max-width: 400px) 100vw, 400px\" src=\"data:image\/svg+xml;base64,PHN2ZyB3aWR0aD0iMSIgaGVpZ2h0PSIxIiB4bWxucz0iaHR0cDovL3d3dy53My5vcmcvMjAwMC9zdmciPjwvc3ZnPg==\" style=\"--smush-placeholder-width: 400px; --smush-placeholder-aspect-ratio: 400\/265;\" \/><\/a> <a href=\"https:\/\/folhaderondonianews.com\/news\/wp-content\/uploads\/2015\/09\/sem-t\u00edtulo-2.jpg\"><img decoding=\"async\" class=\"alignleft size-large wp-image-5686 lazyload\" data-src=\"https:\/\/folhaderondonianews.com\/news\/wp-content\/uploads\/2015\/09\/sem-t\u00edtulo-2.jpg\" alt=\"sem t\u00edtulo-2\" width=\"400\" height=\"265\" data-srcset=\"https:\/\/folhaderondonianews.com\/news\/wp-content\/uploads\/2015\/09\/sem-t\u00edtulo-2.jpg 400w, https:\/\/folhaderondonianews.com\/news\/wp-content\/uploads\/2015\/09\/sem-t\u00edtulo-2-300x199.jpg 300w\" data-sizes=\"(max-width: 400px) 100vw, 400px\" src=\"data:image\/svg+xml;base64,PHN2ZyB3aWR0aD0iMSIgaGVpZ2h0PSIxIiB4bWxucz0iaHR0cDovL3d3dy53My5vcmcvMjAwMC9zdmciPjwvc3ZnPg==\" style=\"--smush-placeholder-width: 400px; --smush-placeholder-aspect-ratio: 400\/265;\" \/><\/a> <a href=\"https:\/\/folhaderondonianews.com\/news\/wp-content\/uploads\/2015\/09\/sem-t\u00edtulo-1.jpg\"><img decoding=\"async\" class=\"alignleft size-large wp-image-5687 lazyload\" data-src=\"https:\/\/folhaderondonianews.com\/news\/wp-content\/uploads\/2015\/09\/sem-t\u00edtulo-1.jpg\" alt=\"sem t\u00edtulo (1)\" width=\"400\" height=\"254\" data-srcset=\"https:\/\/folhaderondonianews.com\/news\/wp-content\/uploads\/2015\/09\/sem-t\u00edtulo-1.jpg 400w, https:\/\/folhaderondonianews.com\/news\/wp-content\/uploads\/2015\/09\/sem-t\u00edtulo-1-300x191.jpg 300w\" data-sizes=\"(max-width: 400px) 100vw, 400px\" src=\"data:image\/svg+xml;base64,PHN2ZyB3aWR0aD0iMSIgaGVpZ2h0PSIxIiB4bWxucz0iaHR0cDovL3d3dy53My5vcmcvMjAwMC9zdmciPjwvc3ZnPg==\" style=\"--smush-placeholder-width: 400px; --smush-placeholder-aspect-ratio: 400\/254;\" \/><\/a><\/p>\n","protected":false},"excerpt":{"rendered":"<div class=\"mh-excerpt\"><p>Autoridades, diretores, professores e at\u00e9 alunos foram s\u00f3 elogios \u00e0 organiza\u00e7\u00e3o do Desfile de 7 de Setembro deste ano, que aconteceu na \u00faltima segunda-feira, no <a class=\"mh-excerpt-more\" href=\"https:\/\/folhaderondonianews.com\/news\/2015\/09\/08\/desfile-de-7-de-setembro-beleza-em-tempo-recorde\/\" title=\"Desfile de 7 de Setembro: beleza em tempo recorde\">[&#8230;]<\/a><\/p>\n<\/div>","protected":false},"author":1,"featured_media":0,"comment_status":"open","ping_status":"closed","sticky":false,"template":"","format":"standard","meta":{"footnotes":""},"categories":[3],"tags":[],"class_list":["post-5681","post","type-post","status-publish","format-standard","hentry","category-cotidiano"],"_links":{"self":[{"href":"https:\/\/folhaderondonianews.com\/news\/wp-json\/wp\/v2\/posts\/5681","targetHints":{"allow":["GET"]}}],"collection":[{"href":"https:\/\/folhaderondonianews.com\/news\/wp-json\/wp\/v2\/posts"}],"about":[{"href":"https:\/\/folhaderondonianews.com\/news\/wp-json\/wp\/v2\/types\/post"}],"author":[{"embeddable":true,"href":"https:\/\/folhaderondonianews.com\/news\/wp-json\/wp\/v2\/users\/1"}],"replies":[{"embeddable":true,"href":"https:\/\/folhaderondonianews.com\/news\/wp-json\/wp\/v2\/comments?post=5681"}],"version-history":[{"count":0,"href":"https:\/\/folhaderondonianews.com\/news\/wp-json\/wp\/v2\/posts\/5681\/revisions"}],"wp:attachment":[{"href":"https:\/\/folhaderondonianews.com\/news\/wp-json\/wp\/v2\/media?parent=5681"}],"wp:term":[{"taxonomy":"category","embeddable":true,"href":"https:\/\/folhaderondonianews.com\/news\/wp-json\/wp\/v2\/categories?post=5681"},{"taxonomy":"post_tag","embeddable":true,"href":"https:\/\/folhaderondonianews.com\/news\/wp-json\/wp\/v2\/tags?post=5681"}],"curies":[{"name":"wp","href":"https:\/\/api.w.org\/{rel}","templated":true}]}}