{"id":5689,"date":"2015-09-08T19:49:01","date_gmt":"2015-09-08T23:49:01","guid":{"rendered":"http:\/\/folhaderondonianews.com\/news\/?p=5689"},"modified":"2015-09-08T19:49:01","modified_gmt":"2015-09-08T23:49:01","slug":"fatos-que-marcara-a-sessao-da-camara-dos-vereadores-de-ji-parana","status":"publish","type":"post","link":"https:\/\/folhaderondonianews.com\/news\/2015\/09\/08\/fatos-que-marcara-a-sessao-da-camara-dos-vereadores-de-ji-parana\/","title":{"rendered":"Fatos que marcara a sess\u00e3o da C\u00e2mara dos Vereadores de Ji-Paran\u00e1"},"content":{"rendered":"<div dir=\"ltr\">\n<div>\n<div class=\"gmail_signature\">\n<div dir=\"ltr\">\n<p><b><span style=\"font-size: 12pt; font-family: 'Times New Roman',serif; color: black;\">Sess\u00e3o<\/span><\/b><\/p>\n<p><span style=\"font-size: 12pt; font-family: 'Times New Roman',serif; color: black;\">A 24\u00aa Sess\u00e3o Ordin\u00e1ria, que aconteceu nesta ter\u00e7a-feira (8), foi presidida pelo presidente da C\u00e2mara, Nilton Cezar Rios (PSB) e os trabalhos secretariados pelo vereador Jess\u00e9 Bitencourt (PDT). Na Sess\u00e3o foram aprovados requerimentos e projetos, que visam beneficiar a comunidade em diversas \u00e1reas.<\/span><\/p>\n<p><span style=\"font-size: 12pt; font-family: 'Times New Roman',serif; color: black;\">\u00a0<\/span><\/p>\n<p><b><span style=\"font-size: 12pt; font-family: 'Times New Roman',serif; color: black;\">Projeto<\/span><\/b><\/p>\n<p><span style=\"font-size: 12pt; font-family: 'Times New Roman',serif; color: black;\">Um dos projetos aprovados foi o n\u00ba 3356\/2015, que \u201cAssegura aos professores o direito ao pagamento de meia-entrada em espet\u00e1culos esportivos, culturais e de lazer, e d\u00e1 outras provid\u00eancias\u201d. O projeto \u00e9 de autoria do presidente da C\u00e2mara, Nilton Cezar Rios (PSB). <\/span><\/p>\n<p><span style=\"font-size: 12pt; font-family: 'Times New Roman',serif; color: black;\">\u00a0<\/span><\/p>\n<p><b><span style=\"font-size: 12pt; font-family: 'Times New Roman',serif; color: black;\">Pedestres<\/span><\/b><\/p>\n<p><span style=\"font-size: 12pt; font-family: 'Times New Roman',serif; color: black;\">Nilton Cezar Rios (PSB) teve aprovado o requerimento pedindo a reforma e pintura das faixas de pedestres na avenida Marechal Rondon em toda sua extens\u00e3o. \u201cA solicita\u00e7\u00e3o vem de encontro com os anseios de toda a sociedade trazendo-lhe mais seguran\u00e7a, tanto para os motoristas quanto para os pedestres\u201d, salientou.<\/span><\/p>\n<p><span style=\"font-size: 12pt; font-family: 'Times New Roman',serif; color: black;\">\u00a0<\/span><\/p>\n<p><b><span style=\"font-size: 12pt; font-family: 'Times New Roman',serif; color: black;\">Ortopedia <\/span><\/b><\/p>\n<p><span style=\"font-size: 12pt; font-family: 'Times New Roman',serif; color: black;\">O vereador Edivaldo Gomes (PSB) comentou na tribuna sobre o agravamento do sofrimento das pessoas que precisam do servi\u00e7o de ortopedia em Ji-Paran\u00e1. \u201cS\u00e3o centenas de pessoas que aguardam hoje por cirurgias ortop\u00e9dicas\u201d, disse o vereador, que fez um apelo aos deputados estaduais Airton Gurgacz e Laerte Gomes para que cobrem e chamem a aten\u00e7\u00e3o para este problema.\u00a0 <\/span><\/p>\n<p><span style=\"font-size: 12pt; font-family: 'Times New Roman',serif; color: black;\">\u00a0<\/span><\/p>\n<p><b><span style=\"font-size: 12pt; font-family: 'Times New Roman',serif; color: black;\">Linha 94<\/span><\/b><\/p>\n<p><span style=\"font-size: 12pt; font-family: 'Times New Roman',serif; color: black;\">Edivaldo Gomes (PSB) parabenizou o munic\u00edpio pela ilumina\u00e7\u00e3o da Linha 94, que tamb\u00e9m foi uma de suas cobran\u00e7as. \u201cEm 2013 protocolei um requerimento solicitando a ilumina\u00e7\u00e3o na Linha 94, refor\u00e7ando uma causa da vereadora Silvia Cristina (PDT)\u201d, ressaltou.<\/span><\/p>\n<p><span style=\"font-size: 12pt; font-family: 'Times New Roman',serif; color: black;\">\u00a0<\/span><\/p>\n<p><b><span style=\"font-size: 12pt; font-family: 'Times New Roman',serif; color: black;\">Requerimentos<\/span><\/b><\/p>\n<p><span style=\"font-size: 12pt; font-family: 'Times New Roman',serif; color: black;\">O vereador Anderson Exceler (PSD) teve aprovado os requerimentos pedindo a limpeza na Academia ao ar livre do Residencial Copas Verdes; Instala\u00e7\u00e3o de leitos de UTI Neonatal no munic\u00edpio de Ji-Paran\u00e1; e Implanta\u00e7\u00e3o do Programa Geloteca, que s\u00e3o geladeiras usadas e sem consertos, transformadas em minibibliotecas p\u00fablicas, composta com livros doados pela comunidade para empr\u00e9stimos a todos os cidad\u00e3os para promover a leitura e a circula\u00e7\u00e3o de livros entre as pessoas de forma livre e gratuita. <\/span><\/p>\n<p><span style=\"font-size: 12pt; font-family: 'Times New Roman',serif; color: black;\">\u00a0<\/span><\/p>\n<p><b><span style=\"font-size: 12pt; font-family: 'Times New Roman',serif; color: black;\">Audi\u00eancia P\u00fablica<\/span><\/b><\/p>\n<p><span style=\"font-size: 12pt; font-family: 'Times New Roman',serif; color: black;\">O vereador Lorenil Gomes (PSC) convidou todos para participar da Audi\u00eancia P\u00fablica para discutir sobre o Estacionamento da Avenida Brasil, que ser\u00e1 realizada nesta quinta-feira (10), \u00e0s 19h30, no plen\u00e1rio da C\u00e2mara de Vereadores.\u00a0\u00a0 <\/span><\/p>\n<p><b><span style=\"font-size: 12pt; font-family: 'Times New Roman',serif; color: black;\">Pavimenta\u00e7\u00e3o<\/span><\/b><\/p>\n<p><span style=\"font-size: 12pt; font-family: 'Times New Roman',serif; color: black;\">Affonso C\u00e2ndido (PSDC) teve aprovado o requerimento solicitando a pavimenta\u00e7\u00e3o de trecho da rua Odilon Rios, que liga os Residenciais Copas Verdes e Anel Vi\u00e1rio, visando manter o compromisso de melhorar o acesso de pedestres e condutores de ve\u00edculos.<\/span><\/p>\n<p><span style=\"font-size: 12pt; font-family: 'Times New Roman',serif; color: black;\">\u00a0<\/span><\/p>\n<p><b><span style=\"font-size: 12pt; font-family: 'Times New Roman',serif; color: black;\">Ilumina\u00e7\u00e3o e Creche<\/span><\/b><\/p>\n<p><span style=\"font-size: 12pt; font-family: 'Times New Roman',serif; color: black;\">Joaquim Teixeira (PMDB) falou na tribuna sobre a ilumina\u00e7\u00e3o da Linha 94, que tamb\u00e9m foi uma de suas reivindica\u00e7\u00f5es. O vereador comentou que foi aprovado com quatro meses e 17 dias de mandato um requerimento dele pedindo uma creche no bairro Parque dos Pioneiros. \u201cAgrade\u00e7o a administra\u00e7\u00e3o municipal por atender as minhas solicita\u00e7\u00f5es\u201d, disse. <\/span><\/p>\n<p><span style=\"font-size: 12pt; font-family: 'Times New Roman',serif; color: black;\">\u00a0<\/span><\/p>\n<p><b><span style=\"font-size: 12pt; font-family: 'Times New Roman',serif; color: black;\">Reforma,Pra\u00e7a e Patrolamento<\/span><\/b><\/p>\n<p><span style=\"font-size: 12pt; font-family: 'Times New Roman',serif; color: black;\">Joaquim Teixeira (PMDB) teve aprovado na Sess\u00e3o desta ter\u00e7a-feira os requerimentos solicitando reforma e amplia\u00e7\u00e3o da Escola 31 de Mar\u00e7o; Pavimenta\u00e7\u00e3o da rua Liberdade no bairro Habitar Brasil; Constru\u00e7\u00e3o de uma pra\u00e7a municipal no bairro Habitar Brasil; Patrolamento e cascalhamento na Linha 98 em toda sua extens\u00e3o; e Ponte de concreto na Linha 102 no Setor Riachuelo. <\/span><\/p>\n<p><span style=\"font-size: 12pt; font-family: 'Times New Roman',serif; color: black;\">\u00a0<\/span><\/p>\n<p><b><span style=\"font-size: 12pt; font-family: 'Times New Roman',serif; color: black;\">Bairro 2 de Abril<\/span><\/b><\/p>\n<p><span style=\"font-size: 12pt; font-family: 'Times New Roman',serif; color: black;\">Edilson Vieira (PMDB) teve aprovado os requerimentos pedindo as pavimenta\u00e7\u00f5es da rua Herm\u00ednio Victorelli, entre as avenidas Transcontinental (BR-364) e Marechal Rondon, no bairro 2 de Abril; e da avenida Padre \u00c2ngelo Cerri, entre as avenidas JK e Marechal Rondon, no bairro 2 de Abril.<\/span><\/p>\n<p><span style=\"font-size: 12pt; font-family: 'Times New Roman',serif; color: black;\">\u00a0<\/span><\/p>\n<p><b><span style=\"font-size: 12pt; font-family: 'Times New Roman',serif; color: black;\">Mo\u00e7\u00e3o de Aplauso<\/span><\/b><\/p>\n<p><span style=\"font-size: 12pt; font-family: 'Times New Roman',serif; color: black;\">Expressando homenagem e reconhecimento aos funcion\u00e1rios da Sa\u00fade do quadro efetivo do Hospital Municipal e Postos de Sa\u00fade de Ji-Paran\u00e1, o vereador Adilson do Sesp (PTB) prop\u00f4s Mo\u00e7\u00e3o de Aplauso, que foi aprovada pelos vereadores. <\/span><\/p>\n<p><span style=\"font-size: 12pt; font-family: 'Times New Roman',serif; color: black;\">\u00a0<\/span><\/p>\n<p><b><span style=\"font-size: 12pt; font-family: 'Times New Roman',serif; color: black;\">Melhorias<\/span><\/b><\/p>\n<p><span style=\"font-size: 12pt; font-family: 'Times New Roman',serif; color: black;\">A vereadora M\u00e1rcia Regina (PT) teve aprovado os requerimentos reiterando que seja dado cumprimento aos dispositivos do estatuto dos servidores p\u00fablicos municipais, no que tange \u00e0 eleva\u00e7\u00e3o de n\u00edvel dos servidores no plano de carreira; Implanta\u00e7\u00e3o de rede de \u00e1gua no Km 7, na \u00e1rea conhecida como Vila Urup\u00e1, in\u00edcio do Setor Industrial; e solicitando que seja dado cumprimento aos dispositivos do estatuto dos servidores p\u00fablicos municipais, no que tange ao pagamento da gratifica\u00e7\u00e3o por especializa\u00e7\u00e3o no plano de carreira. <\/span><\/p>\n<p><b><span style=\"font-size: 12pt; font-family: 'Times New Roman',serif; color: black;\">\u00a0<\/span><\/b><\/p>\n<p><b><u><span style=\"font-size: 12pt; font-family: 'Times New Roman',serif; color: black;\">PROJETOS APROVADOS EM VOTA\u00c7\u00c3O \u00daNICA<\/span><\/u><\/b><\/p>\n<p><span style=\"font-size: 12pt; font-family: 'Times New Roman',serif; color: black;\">&#8211; Projeto de Lei n\u00ba 3403\/2015 (2551 de origem), que \u201cIntroduz modifica\u00e7\u00e3o na Lei Municipal n. 2825, de 27 de maio de 2015, e d\u00e1 outras provid\u00eancias\u201d.<\/span><\/p>\n<p><span style=\"font-size: 12pt; font-family: 'Times New Roman',serif; color: black;\">\u00a0<\/span><span style=\"font-size: 12pt; font-family: 'Times New Roman',serif; color: black;\">&#8211; Projeto de Lei n\u00ba 3356\/2015, que \u201cAssegura aos professores o direito ao pagamento de meia-entrada em espet\u00e1culos esportivos, culturais e de lazer, e d\u00e1 outras provid\u00eancias\u201d. O projeto \u00e9 de autoria do presidente da C\u00e2mara, Nilton Cezar Rios (PSB).\u00a0<\/span><\/p>\n<\/div>\n<\/div>\n<\/div>\n<\/div>\n","protected":false},"excerpt":{"rendered":"<div class=\"mh-excerpt\"><p>Sess\u00e3o A 24\u00aa Sess\u00e3o Ordin\u00e1ria, que aconteceu nesta ter\u00e7a-feira (8), foi presidida pelo presidente da C\u00e2mara, Nilton Cezar Rios (PSB) e os trabalhos secretariados pelo <a class=\"mh-excerpt-more\" href=\"https:\/\/folhaderondonianews.com\/news\/2015\/09\/08\/fatos-que-marcara-a-sessao-da-camara-dos-vereadores-de-ji-parana\/\" title=\"Fatos que marcara a sess\u00e3o da C\u00e2mara dos Vereadores de Ji-Paran\u00e1\">[&#8230;]<\/a><\/p>\n<\/div>","protected":false},"author":1,"featured_media":0,"comment_status":"open","ping_status":"closed","sticky":false,"template":"","format":"standard","meta":{"footnotes":""},"categories":[9],"tags":[],"class_list":["post-5689","post","type-post","status-publish","format-standard","hentry","category-politica"],"_links":{"self":[{"href":"https:\/\/folhaderondonianews.com\/news\/wp-json\/wp\/v2\/posts\/5689","targetHints":{"allow":["GET"]}}],"collection":[{"href":"https:\/\/folhaderondonianews.com\/news\/wp-json\/wp\/v2\/posts"}],"about":[{"href":"https:\/\/folhaderondonianews.com\/news\/wp-json\/wp\/v2\/types\/post"}],"author":[{"embeddable":true,"href":"https:\/\/folhaderondonianews.com\/news\/wp-json\/wp\/v2\/users\/1"}],"replies":[{"embeddable":true,"href":"https:\/\/folhaderondonianews.com\/news\/wp-json\/wp\/v2\/comments?post=5689"}],"version-history":[{"count":0,"href":"https:\/\/folhaderondonianews.com\/news\/wp-json\/wp\/v2\/posts\/5689\/revisions"}],"wp:attachment":[{"href":"https:\/\/folhaderondonianews.com\/news\/wp-json\/wp\/v2\/media?parent=5689"}],"wp:term":[{"taxonomy":"category","embeddable":true,"href":"https:\/\/folhaderondonianews.com\/news\/wp-json\/wp\/v2\/categories?post=5689"},{"taxonomy":"post_tag","embeddable":true,"href":"https:\/\/folhaderondonianews.com\/news\/wp-json\/wp\/v2\/tags?post=5689"}],"curies":[{"name":"wp","href":"https:\/\/api.w.org\/{rel}","templated":true}]}}