{"id":5691,"date":"2015-09-08T20:01:33","date_gmt":"2015-09-09T00:01:33","guid":{"rendered":"http:\/\/folhaderondonianews.com\/news\/?p=5691"},"modified":"2015-09-08T20:01:33","modified_gmt":"2015-09-09T00:01:33","slug":"carreta-do-hospital-do-cancer-de-barretos-ja-esta-em-ji-parana","status":"publish","type":"post","link":"https:\/\/folhaderondonianews.com\/news\/2015\/09\/08\/carreta-do-hospital-do-cancer-de-barretos-ja-esta-em-ji-parana\/","title":{"rendered":"Carreta do Hospital do C\u00e2ncer de Barretos j\u00e1 est\u00e1 em Ji-Paran\u00e1"},"content":{"rendered":"<p><a href=\"https:\/\/folhaderondonianews.com\/news\/wp-content\/uploads\/2015\/09\/carreta-do-cancer-11.jpg\"><img decoding=\"async\" class=\"alignleft size-full wp-image-5692 lazyload\" data-src=\"https:\/\/folhaderondonianews.com\/news\/wp-content\/uploads\/2015\/09\/carreta-do-cancer-11.jpg\" alt=\"carreta do cancer 11\" width=\"400\" height=\"271\" data-srcset=\"https:\/\/folhaderondonianews.com\/news\/wp-content\/uploads\/2015\/09\/carreta-do-cancer-11.jpg 400w, https:\/\/folhaderondonianews.com\/news\/wp-content\/uploads\/2015\/09\/carreta-do-cancer-11-300x203.jpg 300w\" data-sizes=\"(max-width: 400px) 100vw, 400px\" src=\"data:image\/svg+xml;base64,PHN2ZyB3aWR0aD0iMSIgaGVpZ2h0PSIxIiB4bWxucz0iaHR0cDovL3d3dy53My5vcmcvMjAwMC9zdmciPjwvc3ZnPg==\" style=\"--smush-placeholder-width: 400px; --smush-placeholder-aspect-ratio: 400\/271;\" \/><\/a>A Carreta de Preven\u00e7\u00e3o de C\u00e2ncer da Funda\u00e7\u00e3o Pio XII, mantenedora do Hospital de C\u00e2ncer de Barretos (HCB), j\u00e1 est\u00e1 em Ji-Paran\u00e1 realizando os exames e diagn\u00f3sticos com laudo. A equipe que prestar\u00e1 atendimento, composta por seis profissionais de sa\u00fade, ficar\u00e1 na cidade at\u00e9 o dia 30 de outubro. Ap\u00f3s esta data, a carreta ir\u00e1 percorrer outras cidades de Rond\u00f4nia. Os atendimentos est\u00e3o sendo realizados no p\u00e1tio da Unidade B\u00e1sica de Sa\u00fade L-1 Maring\u00e1, na rua T-5, bairro Nova Bras\u00edlia, no Segundo Distrito. Nesta primeira etapa ser\u00e3o oferecidos \u00e0 popula\u00e7\u00e3o apenas exames de mamografia e na segunda etapa os exames de outras especificidades, como colo uterino, c\u00e2ncer de pele e pr\u00f3stata.<\/p>\n<p>S\u00e3o realizados 40 atendimentos por dia e o diagn\u00f3stico sai em, no m\u00e1ximo, uma semana. Caso confirmado o c\u00e2ncer ou verificada qualquer suspeita, o paciente \u00e9 encaminhado para o Hospital de Barretos de Porto Velho para dar in\u00edcio ao tratamento. Esta \u00e9 a sexta vez que a Carreta Oncol\u00f3gica presta atendimento em Ji-Paran\u00e1, onde j\u00e1 foram realizados at\u00e9 hoje mais de 2.500 atendimentos.<\/p>\n<p>Segundo a coordenadora do Hospital do C\u00e2ncer de Barretos em Ji-Paran\u00e1, Silvia Cristina, o atendimento de preven\u00e7\u00e3o e de tratamento do C\u00e2ncer evoluiu muito em Rond\u00f4nia gra\u00e7as \u00e0s a\u00e7\u00f5es da Funda\u00e7\u00e3o Pio XII no Estado. \u201cA Funda\u00e7\u00e3o tem trabalhado com muitos parceiros em Rond\u00f4nia, na iniciativa privada e na \u00e1rea p\u00fablica, al\u00e9m de contar com a colabora\u00e7\u00e3o de milhares de volunt\u00e1rios em todo Estado. Isso tem contribu\u00eddo para oferecer um atendimento mais amplo e humanizado \u00e0s pessoas acometidas pela doen\u00e7a\u201d, frisou Silvia.<\/p>\n<p>O prefeito de Ji-Paran\u00e1, Jesualdo Pires (PSB), que esteve acompanhando o in\u00edcio dos atendimentos na manh\u00e3 de hoje (08), disse ter ficado muito feliz, n\u00e3o apenas com a vinda da Carreta Oncol\u00f3gica, mas tamb\u00e9m pela confirma\u00e7\u00e3o de que ela ficar\u00e1 em definitivo em Rond\u00f4nia e ter\u00e1 como sede a cidade de Ji-Paran\u00e1.<\/p>\n<p>\u201cDiferentemente dos outros anos a carreta ficar\u00e1 em definitivo em Rond\u00f4nia. Ela ir\u00e1 percorrer os outros munic\u00edpios, mas voltar\u00e1 sempre para cidade de Ji-Paran\u00e1 onde ela ter\u00e1 como\u00a0 base, a UBS L1-Maring\u00e1. Essa \u00e9 mais uma grande conquista do Grupo de Apoio aos Portadores de C\u00e2ncer [GAPC] que tem feito em Rond\u00f4nia um trabalho bel\u00edssimo\u201d, ressaltou Jesualdo.<\/p>\n<p>Silvia Cristina, que tamb\u00e9m \u00e9 vereadora por Ji-Paran\u00e1, lembrou que a prefeitura ji-paranaense conta com uma grande parceria da Funda\u00e7\u00e3o Pio XII e tamb\u00e9m do GAPC. \u201cO executivo municipal tem contribu\u00eddo com conv\u00eanios o para custeio e manuten\u00e7\u00e3o do GAPC e com a Funda\u00e7\u00e3o Pio XII para a constru\u00e7\u00e3o de um centro de diagn\u00f3stico e preven\u00e7\u00e3o do C\u00e2ncer em Ji-Paran\u00e1\u201d, agradeceu a coordenadora.<\/p>\n","protected":false},"excerpt":{"rendered":"<div class=\"mh-excerpt\"><p>A Carreta de Preven\u00e7\u00e3o de C\u00e2ncer da Funda\u00e7\u00e3o Pio XII, mantenedora do Hospital de C\u00e2ncer de Barretos (HCB), j\u00e1 est\u00e1 em Ji-Paran\u00e1 realizando os exames <a class=\"mh-excerpt-more\" href=\"https:\/\/folhaderondonianews.com\/news\/2015\/09\/08\/carreta-do-hospital-do-cancer-de-barretos-ja-esta-em-ji-parana\/\" title=\"Carreta do Hospital do C\u00e2ncer de Barretos j\u00e1 est\u00e1 em Ji-Paran\u00e1\">[&#8230;]<\/a><\/p>\n<\/div>","protected":false},"author":1,"featured_media":0,"comment_status":"open","ping_status":"closed","sticky":false,"template":"","format":"standard","meta":{"footnotes":""},"categories":[3],"tags":[],"class_list":["post-5691","post","type-post","status-publish","format-standard","hentry","category-cotidiano"],"_links":{"self":[{"href":"https:\/\/folhaderondonianews.com\/news\/wp-json\/wp\/v2\/posts\/5691","targetHints":{"allow":["GET"]}}],"collection":[{"href":"https:\/\/folhaderondonianews.com\/news\/wp-json\/wp\/v2\/posts"}],"about":[{"href":"https:\/\/folhaderondonianews.com\/news\/wp-json\/wp\/v2\/types\/post"}],"author":[{"embeddable":true,"href":"https:\/\/folhaderondonianews.com\/news\/wp-json\/wp\/v2\/users\/1"}],"replies":[{"embeddable":true,"href":"https:\/\/folhaderondonianews.com\/news\/wp-json\/wp\/v2\/comments?post=5691"}],"version-history":[{"count":0,"href":"https:\/\/folhaderondonianews.com\/news\/wp-json\/wp\/v2\/posts\/5691\/revisions"}],"wp:attachment":[{"href":"https:\/\/folhaderondonianews.com\/news\/wp-json\/wp\/v2\/media?parent=5691"}],"wp:term":[{"taxonomy":"category","embeddable":true,"href":"https:\/\/folhaderondonianews.com\/news\/wp-json\/wp\/v2\/categories?post=5691"},{"taxonomy":"post_tag","embeddable":true,"href":"https:\/\/folhaderondonianews.com\/news\/wp-json\/wp\/v2\/tags?post=5691"}],"curies":[{"name":"wp","href":"https:\/\/api.w.org\/{rel}","templated":true}]}}