{"id":5725,"date":"2015-09-10T21:36:10","date_gmt":"2015-09-11T01:36:10","guid":{"rendered":"http:\/\/folhaderondonianews.com\/news\/?p=5725"},"modified":"2015-09-10T21:36:10","modified_gmt":"2015-09-11T01:36:10","slug":"movimento-pelo-fortalecimento-da-oabro-inaugura-sede","status":"publish","type":"post","link":"https:\/\/folhaderondonianews.com\/news\/2015\/09\/10\/movimento-pelo-fortalecimento-da-oabro-inaugura-sede\/","title":{"rendered":"Movimento pelo fortalecimento da OAB\/RO inaugura sede"},"content":{"rendered":"<h4>\nO Movimento QUEST\u00c3O DE ORDEM: A OAB PODE MAIS re\u00fane advogados e advogadas de todo o Estado que decidiram debater e propor mudan\u00e7as para fortalecer o papel da Seccional, n\u00e3o s\u00f3 no que diz respeito \u00e0 defesa das prerrogativas da classe, mas tamb\u00e9m dos interesses da sociedade. Uma Carta Aberta \u00e0 Advocacia Rondoniense foi elaborada ap\u00f3s membros do Movimento cumprirem uma intensa agenda de visitas a escrit\u00f3rios da Capital e a algumas Subse\u00e7\u00f5es.<\/h4>\n<h4>Os relat\u00f3rios de viagem revelaram crescente desconforto no seio da categoria sobre os rumos que a atual Gest\u00e3o imprimiu na Seccional. Em raz\u00e3o da proximidade do processo de renova\u00e7\u00e3o da Diretoria do nosso Conselho Seccional e do debate natural que este evento produz, o Movimento coloca Rond\u00f4nia em sintonia com o que ocorre em todo o pa\u00eds em movimentos semelhantes que estimulam o debate para qualificar a disputa.<\/h4>\n<h4>\u201cNosso objetivo \u00e9 propor mudan\u00e7as para uma gest\u00e3o diferente, firme na defesa do exerc\u00edcio profissional, combativa no debate aberto e franco com a sociedade local e, sobretudo, independente em rela\u00e7\u00e3o aos demais atores jur\u00eddicos do Estado, com os quais a Ordem jamais deve manter rela\u00e7\u00e3o de subordina\u00e7\u00e3o ou subservi\u00eancia\u201d, disse o coordenador do Movimento, o advogado Ernande Segismundo. A inaugura\u00e7\u00e3o da sede do Movimento nesta sexta-feira, a partir das 19 horas, na Rua Joaquim Nabuco, 2369, no centro da Capital.<\/h4>\n<p>Assessoria Luciana Oliveira 69-3224-3636 69-3218-8109<\/p>\n<p><a href=\"https:\/\/folhaderondonianews.com\/news\/wp-content\/uploads\/2015\/09\/11997472_907683082640929_1145970192_n.jpg\"><img decoding=\"async\" class=\"alignleft size-full wp-image-5726 lazyload\" data-src=\"https:\/\/folhaderondonianews.com\/news\/wp-content\/uploads\/2015\/09\/11997472_907683082640929_1145970192_n.jpg\" alt=\"11997472_907683082640929_1145970192_n\" width=\"843\" height=\"843\" src=\"data:image\/svg+xml;base64,PHN2ZyB3aWR0aD0iMSIgaGVpZ2h0PSIxIiB4bWxucz0iaHR0cDovL3d3dy53My5vcmcvMjAwMC9zdmciPjwvc3ZnPg==\" style=\"--smush-placeholder-width: 843px; --smush-placeholder-aspect-ratio: 843\/843;\" \/><\/a><\/p>\n","protected":false},"excerpt":{"rendered":"<div class=\"mh-excerpt\"><p>O Movimento QUEST\u00c3O DE ORDEM: A OAB PODE MAIS re\u00fane advogados e advogadas de todo o Estado que decidiram debater e propor mudan\u00e7as para fortalecer <a class=\"mh-excerpt-more\" href=\"https:\/\/folhaderondonianews.com\/news\/2015\/09\/10\/movimento-pelo-fortalecimento-da-oabro-inaugura-sede\/\" title=\"Movimento pelo fortalecimento da OAB\/RO inaugura sede\">[&#8230;]<\/a><\/p>\n<\/div>","protected":false},"author":1,"featured_media":0,"comment_status":"open","ping_status":"closed","sticky":false,"template":"","format":"standard","meta":{"footnotes":""},"categories":[3],"tags":[],"class_list":["post-5725","post","type-post","status-publish","format-standard","hentry","category-cotidiano"],"_links":{"self":[{"href":"https:\/\/folhaderondonianews.com\/news\/wp-json\/wp\/v2\/posts\/5725","targetHints":{"allow":["GET"]}}],"collection":[{"href":"https:\/\/folhaderondonianews.com\/news\/wp-json\/wp\/v2\/posts"}],"about":[{"href":"https:\/\/folhaderondonianews.com\/news\/wp-json\/wp\/v2\/types\/post"}],"author":[{"embeddable":true,"href":"https:\/\/folhaderondonianews.com\/news\/wp-json\/wp\/v2\/users\/1"}],"replies":[{"embeddable":true,"href":"https:\/\/folhaderondonianews.com\/news\/wp-json\/wp\/v2\/comments?post=5725"}],"version-history":[{"count":0,"href":"https:\/\/folhaderondonianews.com\/news\/wp-json\/wp\/v2\/posts\/5725\/revisions"}],"wp:attachment":[{"href":"https:\/\/folhaderondonianews.com\/news\/wp-json\/wp\/v2\/media?parent=5725"}],"wp:term":[{"taxonomy":"category","embeddable":true,"href":"https:\/\/folhaderondonianews.com\/news\/wp-json\/wp\/v2\/categories?post=5725"},{"taxonomy":"post_tag","embeddable":true,"href":"https:\/\/folhaderondonianews.com\/news\/wp-json\/wp\/v2\/tags?post=5725"}],"curies":[{"name":"wp","href":"https:\/\/api.w.org\/{rel}","templated":true}]}}