{"id":5728,"date":"2015-09-11T12:32:53","date_gmt":"2015-09-11T16:32:53","guid":{"rendered":"http:\/\/folhaderondonianews.com\/news\/?p=5728"},"modified":"2015-09-11T12:32:53","modified_gmt":"2015-09-11T16:32:53","slug":"deputado-aelcio-da-tv-destina-emenda-para-consultorios-odontologicos-da-pm","status":"publish","type":"post","link":"https:\/\/folhaderondonianews.com\/news\/2015\/09\/11\/deputado-aelcio-da-tv-destina-emenda-para-consultorios-odontologicos-da-pm\/","title":{"rendered":"Deputado A\u00e9lcio da TV destina emenda para consult\u00f3rios odontol\u00f3gicos da PM"},"content":{"rendered":"<p><a href=\"https:\/\/folhaderondonianews.com\/news\/wp-content\/uploads\/2015\/09\/aelcioPM.jpg\"><img decoding=\"async\" class=\"alignleft  wp-image-5731 lazyload\" data-src=\"https:\/\/folhaderondonianews.com\/news\/wp-content\/uploads\/2015\/09\/aelcioPM.jpg\" alt=\"aelcioPM\" width=\"288\" height=\"192\" data-srcset=\"https:\/\/folhaderondonianews.com\/news\/wp-content\/uploads\/2015\/09\/aelcioPM.jpg 525w, https:\/\/folhaderondonianews.com\/news\/wp-content\/uploads\/2015\/09\/aelcioPM-300x200.jpg 300w\" data-sizes=\"(max-width: 288px) 100vw, 288px\" src=\"data:image\/svg+xml;base64,PHN2ZyB3aWR0aD0iMSIgaGVpZ2h0PSIxIiB4bWxucz0iaHR0cDovL3d3dy53My5vcmcvMjAwMC9zdmciPjwvc3ZnPg==\" style=\"--smush-placeholder-width: 288px; --smush-placeholder-aspect-ratio: 288\/192;\" \/><\/a>Na comemora\u00e7\u00e3o dos 40 anos da Pol\u00edcia Militar do Estado de Rond\u00f4nia, o deputado estadual A\u00e9lcio da TV (PP) destinou atrav\u00e9s de emenda parlamentar, R$ 80 mil reais para a instala\u00e7\u00e3o de dois consult\u00f3rios odontol\u00f3gicos que ir\u00e3o beneficiar os policiais militares, especialmente os da Capital.<\/p>\n<p>A\u00e9lcio recebeu em seu gabinete, representantes da institui\u00e7\u00e3o que explicaram a import\u00e2ncia do recurso para o investi<span class=\"text_exposed_show\">mento na qualidade de vida dos policiais. O deputado n\u00e3o pensou duas vezes, e logo atendeu a solicita\u00e7\u00e3o. \u201c N\u00e3o tenho d\u00favidas de que investir na sa\u00fade dos policiais, \u00e9 investir tamb\u00e9m na seguran\u00e7a da popula\u00e7\u00e3o,\u201d ressaltou o deputado.<\/span><\/p>\n<div class=\"text_exposed_show\">\n<p>O diretor financeiro Tenente Coronel PM Charlon Rocha, disse que devido o or\u00e7amento insuficiente da corpora\u00e7\u00e3o, a emenda foi de suma import\u00e2ncia. \u201c Sem contar que \u00e9 a primeira vez que uma emenda \u00e9 recebida pela nossa pol\u00edcia. Ao deputado A\u00e9lcio, nossos agradecimentos em nome da institui\u00e7\u00e3o que faz 40 anos, e foi brindada com este presente. Deputado, continue com essa vis\u00e3o de atender todas institui\u00e7\u00f5es e a toda comunidade,\u201d enfatizou o TC Charlon.<\/p>\n<p>As emendas parlamentares s\u00e3o oportunidades que os deputados t\u00eam de acrescentarem novas programa\u00e7\u00f5es or\u00e7ament\u00e1rias com o objetivo de atender as institui\u00e7\u00f5es e as demandas da comunidade. Cerca de 3.700 policiais poder\u00e3o ser beneficiados. \u201cEnche-me de alegria em saber que contribu\u00ed para o atendimento desses policiais. Pe\u00e7o a Deus que me d\u00ea sempre for\u00e7as para continuar com a minha miss\u00e3o,\u201d enfatizou A\u00e9lcio da TV.<\/p>\n<p>Assessoria parlamentar<\/p>\n<\/div>\n","protected":false},"excerpt":{"rendered":"<div class=\"mh-excerpt\"><p>Na comemora\u00e7\u00e3o dos 40 anos da Pol\u00edcia Militar do Estado de Rond\u00f4nia, o deputado estadual A\u00e9lcio da TV (PP) destinou atrav\u00e9s de emenda parlamentar, R$ <a class=\"mh-excerpt-more\" href=\"https:\/\/folhaderondonianews.com\/news\/2015\/09\/11\/deputado-aelcio-da-tv-destina-emenda-para-consultorios-odontologicos-da-pm\/\" title=\"Deputado A\u00e9lcio da TV destina emenda para consult\u00f3rios odontol\u00f3gicos da PM\">[&#8230;]<\/a><\/p>\n<\/div>","protected":false},"author":1,"featured_media":0,"comment_status":"open","ping_status":"closed","sticky":false,"template":"","format":"standard","meta":{"footnotes":""},"categories":[9],"tags":[],"class_list":["post-5728","post","type-post","status-publish","format-standard","hentry","category-politica"],"_links":{"self":[{"href":"https:\/\/folhaderondonianews.com\/news\/wp-json\/wp\/v2\/posts\/5728","targetHints":{"allow":["GET"]}}],"collection":[{"href":"https:\/\/folhaderondonianews.com\/news\/wp-json\/wp\/v2\/posts"}],"about":[{"href":"https:\/\/folhaderondonianews.com\/news\/wp-json\/wp\/v2\/types\/post"}],"author":[{"embeddable":true,"href":"https:\/\/folhaderondonianews.com\/news\/wp-json\/wp\/v2\/users\/1"}],"replies":[{"embeddable":true,"href":"https:\/\/folhaderondonianews.com\/news\/wp-json\/wp\/v2\/comments?post=5728"}],"version-history":[{"count":0,"href":"https:\/\/folhaderondonianews.com\/news\/wp-json\/wp\/v2\/posts\/5728\/revisions"}],"wp:attachment":[{"href":"https:\/\/folhaderondonianews.com\/news\/wp-json\/wp\/v2\/media?parent=5728"}],"wp:term":[{"taxonomy":"category","embeddable":true,"href":"https:\/\/folhaderondonianews.com\/news\/wp-json\/wp\/v2\/categories?post=5728"},{"taxonomy":"post_tag","embeddable":true,"href":"https:\/\/folhaderondonianews.com\/news\/wp-json\/wp\/v2\/tags?post=5728"}],"curies":[{"name":"wp","href":"https:\/\/api.w.org\/{rel}","templated":true}]}}