{"id":5733,"date":"2015-09-11T12:59:32","date_gmt":"2015-09-11T16:59:32","guid":{"rendered":"http:\/\/folhaderondonianews.com\/news\/?p=5733"},"modified":"2015-09-11T13:10:21","modified_gmt":"2015-09-11T17:10:21","slug":"morre-aos-101-anos-o-pastor-eneas-tognini","status":"publish","type":"post","link":"https:\/\/folhaderondonianews.com\/news\/2015\/09\/11\/morre-aos-101-anos-o-pastor-eneas-tognini\/","title":{"rendered":"Morre aos 101 anos o pastor En\u00e9as Tognini"},"content":{"rendered":"<div class=\"thumb\">\n<p style=\"text-align: center;\"><strong>Fundador do Semin\u00e1rio Teol\u00f3gico Batista Nacional e da Conven\u00e7\u00e3o Batista Nacional.<\/strong><\/p>\n<\/div>\n<figure id=\"attachment_5738\" aria-describedby=\"caption-attachment-5738\" style=\"width: 301px\" class=\"wp-caption alignleft\"><a href=\"https:\/\/folhaderondonianews.com\/news\/wp-content\/uploads\/2015\/09\/pastor.jpg\"><img decoding=\"async\" class=\"wp-image-5738 size-full lazyload\" data-src=\"https:\/\/folhaderondonianews.com\/news\/wp-content\/uploads\/2015\/09\/pastor.jpg\" alt=\"pastor\" width=\"301\" height=\"200\" data-srcset=\"https:\/\/folhaderondonianews.com\/news\/wp-content\/uploads\/2015\/09\/pastor.jpg 301w, https:\/\/folhaderondonianews.com\/news\/wp-content\/uploads\/2015\/09\/pastor-300x199.jpg 300w\" data-sizes=\"(max-width: 301px) 100vw, 301px\" src=\"data:image\/svg+xml;base64,PHN2ZyB3aWR0aD0iMSIgaGVpZ2h0PSIxIiB4bWxucz0iaHR0cDovL3d3dy53My5vcmcvMjAwMC9zdmciPjwvc3ZnPg==\" style=\"--smush-placeholder-width: 301px; --smush-placeholder-aspect-ratio: 301\/200;\" \/><\/a><figcaption id=\"caption-attachment-5738\" class=\"wp-caption-text\">Morre aos 101 anos o pastor En\u00e9as Tognini<\/figcaption><\/figure>\n<p>Na madrugada desta quarta-feira (9) faleceu o pastor En\u00e9as Tognini, da Igreja Batista do Povo em S\u00e3o Paulo. O l\u00edder religioso tinha 101 anos de idade e foi o fundador do Semin\u00e1rio Teol\u00f3gico Batista Nacional (STBN).<\/p>\n<p>Tognini \u00e9 reconhecido como um dos maiores respons\u00e1veis pelo movimento de renova\u00e7\u00e3o espiritual da Igreja Evang\u00e9lica Brasileira e pela cria\u00e7\u00e3o da Conven\u00e7\u00e3o Batista Nacional, como cita a nota da igreja Batista do Povo.<\/p>\n<p>O vel\u00f3rio acontecer\u00e1 na sede da igreja localizada no bairro da Vila Mariana em S\u00e3o Paulo ainda nesta quarta, o culto f\u00fanebre est\u00e1 marcado para as 19h30 desta quarta e um segundo culto est\u00e1 marcado para quinta-feira (10) \u00e0s 13h antes do corpo do religioso seguir para o Cemit\u00e9rio S\u00e3o Paulo, onde ser\u00e1 enterrado.<\/p>\n<p>A causa da morte n\u00e3o foi comunicada, por\u00e9m sabe-se que no come\u00e7o deste ano o pastor En\u00e9as precisou passar por uma cirurgia para a retirada de um tumor no intestino.<\/p>\n<p>Ap\u00f3s a cirurgia ele permaneceu por apenas uma semana no hospital e recebeu alta, uma recupera\u00e7\u00e3o que deixou a equipe m\u00e9dica bastante otimista. Ap\u00f3s esse procedimento ele passou a ter acompanhamento m\u00e9dico em casa.<\/p>\n","protected":false},"excerpt":{"rendered":"<div class=\"mh-excerpt\"><p>Fundador do Semin\u00e1rio Teol\u00f3gico Batista Nacional e da Conven\u00e7\u00e3o Batista Nacional. Na madrugada desta quarta-feira (9) faleceu o pastor En\u00e9as Tognini, da Igreja Batista do <a class=\"mh-excerpt-more\" href=\"https:\/\/folhaderondonianews.com\/news\/2015\/09\/11\/morre-aos-101-anos-o-pastor-eneas-tognini\/\" title=\"Morre aos 101 anos o pastor En\u00e9as Tognini\">[&#8230;]<\/a><\/p>\n<\/div>","protected":false},"author":1,"featured_media":0,"comment_status":"open","ping_status":"closed","sticky":false,"template":"","format":"standard","meta":{"footnotes":""},"categories":[5],"tags":[],"class_list":["post-5733","post","type-post","status-publish","format-standard","hentry","category-brasil"],"_links":{"self":[{"href":"https:\/\/folhaderondonianews.com\/news\/wp-json\/wp\/v2\/posts\/5733","targetHints":{"allow":["GET"]}}],"collection":[{"href":"https:\/\/folhaderondonianews.com\/news\/wp-json\/wp\/v2\/posts"}],"about":[{"href":"https:\/\/folhaderondonianews.com\/news\/wp-json\/wp\/v2\/types\/post"}],"author":[{"embeddable":true,"href":"https:\/\/folhaderondonianews.com\/news\/wp-json\/wp\/v2\/users\/1"}],"replies":[{"embeddable":true,"href":"https:\/\/folhaderondonianews.com\/news\/wp-json\/wp\/v2\/comments?post=5733"}],"version-history":[{"count":0,"href":"https:\/\/folhaderondonianews.com\/news\/wp-json\/wp\/v2\/posts\/5733\/revisions"}],"wp:attachment":[{"href":"https:\/\/folhaderondonianews.com\/news\/wp-json\/wp\/v2\/media?parent=5733"}],"wp:term":[{"taxonomy":"category","embeddable":true,"href":"https:\/\/folhaderondonianews.com\/news\/wp-json\/wp\/v2\/categories?post=5733"},{"taxonomy":"post_tag","embeddable":true,"href":"https:\/\/folhaderondonianews.com\/news\/wp-json\/wp\/v2\/tags?post=5733"}],"curies":[{"name":"wp","href":"https:\/\/api.w.org\/{rel}","templated":true}]}}