{"id":6189,"date":"2015-11-08T18:02:04","date_gmt":"2015-11-08T22:02:04","guid":{"rendered":"http:\/\/folhaderondonianews.com\/news\/?p=6189"},"modified":"2015-11-08T18:02:04","modified_gmt":"2015-11-08T22:02:04","slug":"segismundo-segunda-feira-na-voz-do-povo","status":"publish","type":"post","link":"https:\/\/folhaderondonianews.com\/news\/2015\/11\/08\/segismundo-segunda-feira-na-voz-do-povo\/","title":{"rendered":"Segismundo segunda-feira na &#8220;Voz do Povo&#8217;"},"content":{"rendered":"<p>A agenda intensa e extensa de campanha n\u00e3o impediu o candidato da Chapa OAB ATIVA, Ernande Segismundo, de participar do primeiro debate entre os candidatos \u00e0 OAB, Seccional Rond\u00f4nia.<br \/>\nA confirma\u00e7\u00e3o foi dada no momento do convite, bem como o aceite \u00e0s regras para o debate que acontece nesta segunda-feira, dia 09, na R\u00e1dio Cultura, ao meio dia, no Programa A Voz do Povo, com o jornalista Arimar de S\u00e1.<br \/>\n\u201cO debate entre candidatos \u00e9 fundamental numa democracia e estamos preparados pra discutir os problemas e apresentar nossas propostas de gest\u00e3o. O n\u00edvel ser\u00e1 o adotado em toda a nossa campanha, sem ataques pessoais, mas com cr\u00edticas institucionais\u201d, esclareceu Segismundo.<\/p>\n","protected":false},"excerpt":{"rendered":"<div class=\"mh-excerpt\"><p>A agenda intensa e extensa de campanha n\u00e3o impediu o candidato da Chapa OAB ATIVA, Ernande Segismundo, de participar do primeiro debate entre os candidatos <a class=\"mh-excerpt-more\" href=\"https:\/\/folhaderondonianews.com\/news\/2015\/11\/08\/segismundo-segunda-feira-na-voz-do-povo\/\" title=\"Segismundo segunda-feira na &#8220;Voz do Povo&#8217;\">[&#8230;]<\/a><\/p>\n<\/div>","protected":false},"author":1,"featured_media":0,"comment_status":"open","ping_status":"closed","sticky":false,"template":"","format":"standard","meta":{"footnotes":""},"categories":[3],"tags":[],"class_list":["post-6189","post","type-post","status-publish","format-standard","hentry","category-cotidiano"],"_links":{"self":[{"href":"https:\/\/folhaderondonianews.com\/news\/wp-json\/wp\/v2\/posts\/6189","targetHints":{"allow":["GET"]}}],"collection":[{"href":"https:\/\/folhaderondonianews.com\/news\/wp-json\/wp\/v2\/posts"}],"about":[{"href":"https:\/\/folhaderondonianews.com\/news\/wp-json\/wp\/v2\/types\/post"}],"author":[{"embeddable":true,"href":"https:\/\/folhaderondonianews.com\/news\/wp-json\/wp\/v2\/users\/1"}],"replies":[{"embeddable":true,"href":"https:\/\/folhaderondonianews.com\/news\/wp-json\/wp\/v2\/comments?post=6189"}],"version-history":[{"count":0,"href":"https:\/\/folhaderondonianews.com\/news\/wp-json\/wp\/v2\/posts\/6189\/revisions"}],"wp:attachment":[{"href":"https:\/\/folhaderondonianews.com\/news\/wp-json\/wp\/v2\/media?parent=6189"}],"wp:term":[{"taxonomy":"category","embeddable":true,"href":"https:\/\/folhaderondonianews.com\/news\/wp-json\/wp\/v2\/categories?post=6189"},{"taxonomy":"post_tag","embeddable":true,"href":"https:\/\/folhaderondonianews.com\/news\/wp-json\/wp\/v2\/tags?post=6189"}],"curies":[{"name":"wp","href":"https:\/\/api.w.org\/{rel}","templated":true}]}}