{"id":6191,"date":"2015-11-08T18:05:44","date_gmt":"2015-11-08T22:05:44","guid":{"rendered":"http:\/\/folhaderondonianews.com\/news\/?p=6191"},"modified":"2015-11-08T18:05:44","modified_gmt":"2015-11-08T22:05:44","slug":"jesse-intercede-por-moradores-da-linha-uniao","status":"publish","type":"post","link":"https:\/\/folhaderondonianews.com\/news\/2015\/11\/08\/jesse-intercede-por-moradores-da-linha-uniao\/","title":{"rendered":"Jess\u00e9 intercede por moradores da Linha Uni\u00e3o"},"content":{"rendered":"<p><a href=\"https:\/\/folhaderondonianews.com\/news\/wp-content\/uploads\/2015\/11\/jesse.jpg\"><img decoding=\"async\" class=\"alignleft  wp-image-6192 lazyload\" data-src=\"https:\/\/folhaderondonianews.com\/news\/wp-content\/uploads\/2015\/11\/jesse-1024x683.jpg\" alt=\"jesse\" width=\"313\" height=\"209\" data-srcset=\"https:\/\/folhaderondonianews.com\/news\/wp-content\/uploads\/2015\/11\/jesse.jpg 1024w, https:\/\/folhaderondonianews.com\/news\/wp-content\/uploads\/2015\/11\/jesse-300x200.jpg 300w\" data-sizes=\"(max-width: 313px) 100vw, 313px\" src=\"data:image\/svg+xml;base64,PHN2ZyB3aWR0aD0iMSIgaGVpZ2h0PSIxIiB4bWxucz0iaHR0cDovL3d3dy53My5vcmcvMjAwMC9zdmciPjwvc3ZnPg==\" style=\"--smush-placeholder-width: 313px; --smush-placeholder-aspect-ratio: 313\/209;\" \/><\/a>\u00a0A secret\u00e1ria de Educa\u00e7\u00e3o de Ji-Paran\u00e1, Leiva Cust\u00f3dio, e o coordenador regional de Educa\u00e7\u00e3o, Jos\u00e9 Ant\u00f4nio de Medeiros, ser\u00e3o convidados a prestar esclarecimentos sobre o Programa de Parceria Educacional (PPE), a moradores da Linha Uni\u00e3o que s\u00e3o contra a transfer\u00eancia de alunos da Escola Municipal S\u00e3o Gabriel para outro estabelecimento de ensino.<\/p>\n<p>A reuni\u00e3o foi proposta na sess\u00e3o de ter\u00e7a-feira (3) da C\u00e2mara dos Vereadores, por sugest\u00e3o do vereador Jess\u00e9 Bitencourt (PDT), para atender a moradores que entregaram um abaixo-assinado contra o cancelamento de vagas do 6\u00ba ao 9 \u00ba ano do ensino fundamental naquela escola. O presidente da CMJP, Nilton Cezar Rios (PSB) e o vereador Edilson Vieira (PMDB) tamb\u00e9m acompanham a decis\u00e3o.<\/p>\n<p>\u201cNossa inten\u00e7\u00e3o \u00e9 aproximar a comunidade da Linha Uni\u00e3o das pessoas que tomam as decis\u00f5es nos dois n\u00edveis da administra\u00e7\u00e3o p\u00fablica: o municipal e o estadual\u201d, explicou Jess\u00e9 Bitencourt. \u201cSe moradores est\u00e3o recorrendo \u00e0 C\u00e2mara, \u00e9 porque est\u00e3o sem informa\u00e7\u00e3o das medidas que est\u00e3o sendo ou que ainda ser\u00e3o tomadas naquela escola\u201d.<\/p>\n<p>O Decreto 20.070 do governo de Rond\u00f4nia instituiu PPE que prev\u00ea o ordenamento das redes p\u00fablicas de ensino de forma gradativa e por negocia\u00e7\u00e3o entre estado e munic\u00edpios, em que cada munic\u00edpio assumir\u00e1 a oferta da primeira fase do ensino fundamental, ou seja, do 1\u00ba ao 5 ano.<\/p>\n<p>No abaixo-assinado, os moradores s\u00e3o contra o remanejamento de alunos do 6\u00ba ao 9\u00ba ano para outra escola. Eles alegam que muitos estudantes t\u00eam irm\u00e3os que estudam do 1\u00ba ao 5\u00ba ano, e que s\u00e3o companhia no trajeto do \u00f4nibus escolar na \u00e1rea rural. O documento \u00e9 assinado por 53 pessoas da comunidade.<\/p>\n<p>Em outro ponto do texto, eles afirmam que \u201cfosse levado em conta os direitos dos alunos de estudarem o mais pr\u00f3ximo poss\u00edvel de suas resid\u00eancias\u201d. Segundo representantes dos moradores, \u00e9 necess\u00e1rio explicar a situa\u00e7\u00e3o dos alunos para o pr\u00f3ximo ano. \u201c\u00c9 essa a raz\u00e3o que estamos agendando a reuni\u00e3o com a secret\u00e1ria e o coordenador de Educa\u00e7\u00e3o\u201d, garantiu Jess\u00e9 Bitencourt.<\/p>\n","protected":false},"excerpt":{"rendered":"<div class=\"mh-excerpt\"><p>\u00a0A secret\u00e1ria de Educa\u00e7\u00e3o de Ji-Paran\u00e1, Leiva Cust\u00f3dio, e o coordenador regional de Educa\u00e7\u00e3o, Jos\u00e9 Ant\u00f4nio de Medeiros, ser\u00e3o convidados a prestar esclarecimentos sobre o <a class=\"mh-excerpt-more\" href=\"https:\/\/folhaderondonianews.com\/news\/2015\/11\/08\/jesse-intercede-por-moradores-da-linha-uniao\/\" title=\"Jess\u00e9 intercede por moradores da Linha Uni\u00e3o\">[&#8230;]<\/a><\/p>\n<\/div>","protected":false},"author":1,"featured_media":0,"comment_status":"open","ping_status":"closed","sticky":false,"template":"","format":"standard","meta":{"footnotes":""},"categories":[3],"tags":[],"class_list":["post-6191","post","type-post","status-publish","format-standard","hentry","category-cotidiano"],"_links":{"self":[{"href":"https:\/\/folhaderondonianews.com\/news\/wp-json\/wp\/v2\/posts\/6191","targetHints":{"allow":["GET"]}}],"collection":[{"href":"https:\/\/folhaderondonianews.com\/news\/wp-json\/wp\/v2\/posts"}],"about":[{"href":"https:\/\/folhaderondonianews.com\/news\/wp-json\/wp\/v2\/types\/post"}],"author":[{"embeddable":true,"href":"https:\/\/folhaderondonianews.com\/news\/wp-json\/wp\/v2\/users\/1"}],"replies":[{"embeddable":true,"href":"https:\/\/folhaderondonianews.com\/news\/wp-json\/wp\/v2\/comments?post=6191"}],"version-history":[{"count":0,"href":"https:\/\/folhaderondonianews.com\/news\/wp-json\/wp\/v2\/posts\/6191\/revisions"}],"wp:attachment":[{"href":"https:\/\/folhaderondonianews.com\/news\/wp-json\/wp\/v2\/media?parent=6191"}],"wp:term":[{"taxonomy":"category","embeddable":true,"href":"https:\/\/folhaderondonianews.com\/news\/wp-json\/wp\/v2\/categories?post=6191"},{"taxonomy":"post_tag","embeddable":true,"href":"https:\/\/folhaderondonianews.com\/news\/wp-json\/wp\/v2\/tags?post=6191"}],"curies":[{"name":"wp","href":"https:\/\/api.w.org\/{rel}","templated":true}]}}