{"id":6195,"date":"2015-11-09T15:42:48","date_gmt":"2015-11-09T19:42:48","guid":{"rendered":"http:\/\/folhaderondonianews.com\/news\/?p=6195"},"modified":"2015-11-09T15:42:48","modified_gmt":"2015-11-09T19:42:48","slug":"ouro-pretoro-sedia-seminario-agroecologico","status":"publish","type":"post","link":"https:\/\/folhaderondonianews.com\/news\/2015\/11\/09\/ouro-pretoro-sedia-seminario-agroecologico\/","title":{"rendered":"Ouro Preto\/RO sedia semin\u00e1rio Agroecol\u00f3gico"},"content":{"rendered":"<p>O Governo do Estado por meio da Secretaria de Estado da Agricultura (Seagri) em parceria com a Delegacia Federal do Desenvolvimento Agr\u00e1rio \u2013 DFDA\/MDA estar\u00e3o realizando nos dias 10 a 12 de novembro de 2015, no Centro de Treinamento da Emater\/ CENTRER, na BR 364, km 22, em Ouro Preto do Oeste\/RO. O <strong>1\u00ba Semin\u00e1rio Estadual de Agroecologia.<\/strong><\/p>\n<p>O objetivo do semin\u00e1rio \u00e9 promover a constru\u00e7\u00e3o de estrat\u00e9gias de desenvolvimento rural que promovam cidadania, equidade, justi\u00e7a e bem estar social no campo, uma nova matriz tecnol\u00f3gica com ampla aplica\u00e7\u00e3o de conceitos e princ\u00edpios ecol\u00f3gicos no desenho e manejo dos agroecossistemas e maior autonomia dos agricultores.<\/p>\n<p>O Semin\u00e1rio se destina a lideran\u00e7as e t\u00e9cnicos de institui\u00e7\u00f5es, atuantes no segmento agroecol\u00f3gico para contribu\u00edrem na discuss\u00e3o e constru\u00e7\u00e3o do Programa Estadual de Agroecologia e Produ\u00e7\u00e3o Org\u00e2nica.<\/p>\n<p><strong>Contato:<\/strong><\/p>\n<p>Alexsandro\/SEAGRI tel. 8482-2487 e-mail <a href=\"mailto:agroecologia.seagri@gmail.com\">agroecologia.seagri@gmail.com<\/a><\/p>\n<p>Val\/MDA tel. 9246-3884, e-mail <a href=\"mailto:valdirene.oliveira@mda.gov.br\">valdirene.oliveira@mda.gov.br<\/a><\/p>\n","protected":false},"excerpt":{"rendered":"<div class=\"mh-excerpt\"><p>O Governo do Estado por meio da Secretaria de Estado da Agricultura (Seagri) em parceria com a Delegacia Federal do Desenvolvimento Agr\u00e1rio \u2013 DFDA\/MDA estar\u00e3o <a class=\"mh-excerpt-more\" href=\"https:\/\/folhaderondonianews.com\/news\/2015\/11\/09\/ouro-pretoro-sedia-seminario-agroecologico\/\" title=\"Ouro Preto\/RO sedia semin\u00e1rio Agroecol\u00f3gico\">[&#8230;]<\/a><\/p>\n<\/div>","protected":false},"author":1,"featured_media":0,"comment_status":"open","ping_status":"closed","sticky":false,"template":"","format":"standard","meta":{"footnotes":""},"categories":[6],"tags":[],"class_list":["post-6195","post","type-post","status-publish","format-standard","hentry","category-agronegocio"],"_links":{"self":[{"href":"https:\/\/folhaderondonianews.com\/news\/wp-json\/wp\/v2\/posts\/6195","targetHints":{"allow":["GET"]}}],"collection":[{"href":"https:\/\/folhaderondonianews.com\/news\/wp-json\/wp\/v2\/posts"}],"about":[{"href":"https:\/\/folhaderondonianews.com\/news\/wp-json\/wp\/v2\/types\/post"}],"author":[{"embeddable":true,"href":"https:\/\/folhaderondonianews.com\/news\/wp-json\/wp\/v2\/users\/1"}],"replies":[{"embeddable":true,"href":"https:\/\/folhaderondonianews.com\/news\/wp-json\/wp\/v2\/comments?post=6195"}],"version-history":[{"count":0,"href":"https:\/\/folhaderondonianews.com\/news\/wp-json\/wp\/v2\/posts\/6195\/revisions"}],"wp:attachment":[{"href":"https:\/\/folhaderondonianews.com\/news\/wp-json\/wp\/v2\/media?parent=6195"}],"wp:term":[{"taxonomy":"category","embeddable":true,"href":"https:\/\/folhaderondonianews.com\/news\/wp-json\/wp\/v2\/categories?post=6195"},{"taxonomy":"post_tag","embeddable":true,"href":"https:\/\/folhaderondonianews.com\/news\/wp-json\/wp\/v2\/tags?post=6195"}],"curies":[{"name":"wp","href":"https:\/\/api.w.org\/{rel}","templated":true}]}}