{"id":6200,"date":"2015-11-09T15:47:46","date_gmt":"2015-11-09T19:47:46","guid":{"rendered":"http:\/\/folhaderondonianews.com\/news\/?p=6200"},"modified":"2015-11-10T13:43:09","modified_gmt":"2015-11-10T17:43:09","slug":"funcionarios-ebc-entram-em-greve-nesta-terca-feira","status":"publish","type":"post","link":"https:\/\/folhaderondonianews.com\/news\/2015\/11\/09\/funcionarios-ebc-entram-em-greve-nesta-terca-feira\/","title":{"rendered":"Funcion\u00e1rios EBC entram em greve nesta ter\u00e7a-feira"},"content":{"rendered":"<p>Os trabalhadores da Empresa Brasil de Comunica\u00e7\u00e3o (EBC) decidiram entrar em greve a partir de zero hora desta 3\u00aa.feira (10\/11). A decis\u00e3o foi tomada em assembleia realizada em 5\/11 envolvendo as quatro pra\u00e7as de atua\u00e7\u00e3o da empresa: S\u00e3o Paulo, Rio de janeiro, Bras\u00edlia e S\u00e3o Lu\u00eds.<\/p>\n<p>Diz nota do Sindicato dos Jornalistas de S\u00e3o Paulo que, \u201cem negocia\u00e7\u00e3o desde o m\u00eas de setembro, a empresa se manteve intransigente em oferecer zero de reajuste para as cl\u00e1usulas econ\u00f4micas. Os trabalhadores, por sua vez, mantiveram a contraproposta de 9,43%, referente ao IPCA do per\u00edodo. Na \u00faltima rodada a empresa refez a proposta, oferecendo um reajuste de 2,5% para este ano e 2,5% para 2016 e fazendo valer a Conven\u00e7\u00e3o Coletiva de Trabalho por 2 anos\u201d.<\/p>\n<p>J\u00e1 o sindicato fluminense informa que os profissionais tamb\u00e9m aprovaram o envio de uma carta \u00e0 presidente Dilma Rousseff e ao ministro das Comunica\u00e7\u00f5es, <strong>Edinho Silva<\/strong>, cobrando \u201crespeito aos trabalhadores, ao car\u00e1ter p\u00fablico da EBC e sua import\u00e2ncia para a democratiza\u00e7\u00e3o da comunica\u00e7\u00e3o no Brasil\u201d.<\/p>\n<p><small>Por: Reda\u00e7\u00e3o Jornalistas&amp;Cia<\/small><\/p>\n","protected":false},"excerpt":{"rendered":"<div class=\"mh-excerpt\"><p>Os trabalhadores da Empresa Brasil de Comunica\u00e7\u00e3o (EBC) decidiram entrar em greve a partir de zero hora desta 3\u00aa.feira (10\/11). A decis\u00e3o foi tomada em <a class=\"mh-excerpt-more\" href=\"https:\/\/folhaderondonianews.com\/news\/2015\/11\/09\/funcionarios-ebc-entram-em-greve-nesta-terca-feira\/\" title=\"Funcion\u00e1rios EBC entram em greve nesta ter\u00e7a-feira\">[&#8230;]<\/a><\/p>\n<\/div>","protected":false},"author":1,"featured_media":0,"comment_status":"open","ping_status":"closed","sticky":false,"template":"","format":"standard","meta":{"footnotes":""},"categories":[1],"tags":[],"class_list":["post-6200","post","type-post","status-publish","format-standard","hentry","category-sem-categoria"],"_links":{"self":[{"href":"https:\/\/folhaderondonianews.com\/news\/wp-json\/wp\/v2\/posts\/6200","targetHints":{"allow":["GET"]}}],"collection":[{"href":"https:\/\/folhaderondonianews.com\/news\/wp-json\/wp\/v2\/posts"}],"about":[{"href":"https:\/\/folhaderondonianews.com\/news\/wp-json\/wp\/v2\/types\/post"}],"author":[{"embeddable":true,"href":"https:\/\/folhaderondonianews.com\/news\/wp-json\/wp\/v2\/users\/1"}],"replies":[{"embeddable":true,"href":"https:\/\/folhaderondonianews.com\/news\/wp-json\/wp\/v2\/comments?post=6200"}],"version-history":[{"count":0,"href":"https:\/\/folhaderondonianews.com\/news\/wp-json\/wp\/v2\/posts\/6200\/revisions"}],"wp:attachment":[{"href":"https:\/\/folhaderondonianews.com\/news\/wp-json\/wp\/v2\/media?parent=6200"}],"wp:term":[{"taxonomy":"category","embeddable":true,"href":"https:\/\/folhaderondonianews.com\/news\/wp-json\/wp\/v2\/categories?post=6200"},{"taxonomy":"post_tag","embeddable":true,"href":"https:\/\/folhaderondonianews.com\/news\/wp-json\/wp\/v2\/tags?post=6200"}],"curies":[{"name":"wp","href":"https:\/\/api.w.org\/{rel}","templated":true}]}}